{"id":163187,"date":"2020-06-26T10:13:31","date_gmt":"2020-06-26T13:13:31","guid":{"rendered":"https:\/\/diarioregionaldigital.com.br\/?p=163187"},"modified":"2020-06-26T10:13:31","modified_gmt":"2020-06-26T13:13:31","slug":"defesa-apresenta-balanco-de-acoes-contra-covid-19","status":"publish","type":"post","link":"https:\/\/diarioregionaldigital.com.br\/?p=163187","title":{"rendered":"Defesa apresenta balan\u00e7o de a\u00e7\u00f5es contra covid-19"},"content":{"rendered":"<p>O Minist\u00e9rio da Defesa apresentou o balan\u00e7o das a\u00e7\u00f5es promovidas na miss\u00e3o das For\u00e7as Armadas de apoio a iniciativas de preven\u00e7\u00e3o e combate \u00e0 epidemia do novo coronav\u00edrus. Segundo o \u00f3rg\u00e3o, os militares auxiliaram em frentes diversas, como log\u00edstica, produ\u00e7\u00e3o de medicamentos, fabrica\u00e7\u00e3o de equipamentos de prote\u00e7\u00e3o e apoio a popula\u00e7\u00f5es ind\u00edgenas.<\/p>\n<p>A opera\u00e7\u00e3o espec\u00edfica no combate \u00e0 covid-19 foi iniciada no dia 19 de mar\u00e7o, oito dias ap\u00f3s a Organiza\u00e7\u00e3o Mundial da Sa\u00fade (OMS) declarar a pandemia mundial envolvendo o novo coronav\u00edrus. Foi organizada atua\u00e7\u00e3o juntamente a \u00f3rg\u00e3os federais e assist\u00eancia a estados e munic\u00edpios por 10 comandos integrados \u00e0 iniciativa.<\/p>\n<p>Segundo o Minist\u00e9rio da Defesa, a opera\u00e7\u00e3o mobilizou mais de 30 mil militares. Destes, 20 morreram em fun\u00e7\u00e3o da covid-19 e 7,2 mil foram infectados ao longo do per\u00edodo. No total, foram realizadas mais de 1 mil horas de voo, em viagens para objetivos como o transporte de insumos e medicamentos. Por via rodovi\u00e1ria, foram carregadas 15 toneladas de insumos durante o per\u00edodo.<\/p>\n<p>As For\u00e7as Armadas distribu\u00edram 572 mil kits de alimentos a pessoas de menor renda e refor\u00e7aram 2,5 mil barreiras sanit\u00e1rias, adotadas em diversas cidades como forma de evitar a circula\u00e7\u00e3o de pessoas diante das medidas de distanciamento social.<\/p>\n<p>Al\u00e9m disso, o Ex\u00e9rcito contribuiu para o direcionamento da estrutura de produ\u00e7\u00e3o tanto para a fabrica\u00e7\u00e3o de insumos e equipamentos de prote\u00e7\u00e3o individual quanto para medicamentos. Foram elaboradas 263 mil m\u00e1scaras cir\u00fargicas para profissionais de sa\u00fade.<\/p>\n<p>J\u00e1 na \u00e1rea de tratamento, o Ex\u00e9rcito ampliou a produ\u00e7\u00e3o de cloroquina. De acordo com o ministro da Defesa, Fernando Azevedo e Silva, 1 milh\u00e3o de unidades, que seriam destinadas originalmente para utiliza\u00e7\u00e3o no combate \u00e0 mal\u00e1ria, j\u00e1 tinham sido fabricadas.<\/p>\n<p>\u201cRecebemos mais insumos, aumentamos a produ\u00e7\u00e3o e estamos com capacidade de mais de 1,8 milh\u00e3o [de unidades], mas n\u00e3o distribu\u00eddos ainda. Ex\u00e9rcito n\u00e3o est\u00e1 fazendo de agora, ele aumentou a fabrica\u00e7\u00e3o\u201d, afirmou Azevedo em resposta a perguntas de jornalistas se o trabalho havia sido encomendado a partir da pol\u00edtica do governo de adotar a subst\u00e2ncia.<\/p>\n<p>A atual gest\u00e3o do Minist\u00e9rio da Sa\u00fade, comandada interinamente pelo general Eduardo Pazuello, mudou o protocolo para que a cloroquina e a hidroxicloroquina sejam recomendadas como alternativa a pacientes com covid-19 tamb\u00e9m em casos leves, al\u00e9m de ter passado a distribuir o medicamento por meio do Sistema \u00danico de Sa\u00fade.<\/p>\n<p><strong>Fonte:\u00a0<\/strong>Ag\u00eancia Brasil<\/p>\n","protected":false},"excerpt":{"rendered":"<p>O Minist\u00e9rio da Defesa apresentou o balan\u00e7o das a\u00e7\u00f5es promovidas na miss\u00e3o das For\u00e7as Armadas de apoio a iniciativas de preven\u00e7\u00e3o e combate \u00e0 epidemia do novo coronav\u00edrus. Segundo o \u00f3rg\u00e3o, os militares auxiliaram em frentes diversas, como log\u00edstica, produ\u00e7\u00e3o de medicamentos, fabrica\u00e7\u00e3o de equipamentos de prote\u00e7\u00e3o e apoio a popula\u00e7\u00f5es ind\u00edgenas. A opera\u00e7\u00e3o espec\u00edfica [&hellip;]<\/p>\n","protected":false},"author":96,"featured_media":163188,"comment_status":"closed","ping_status":"closed","sticky":false,"template":"","format":"standard","meta":{"footnotes":""},"categories":[436,254,439],"tags":[],"class_list":["post-163187","post","type-post","status-publish","format-standard","has-post-thumbnail","hentry","category-destaque-da-semana","category-politica","category-ultima-hora"],"_links":{"self":[{"href":"https:\/\/diarioregionaldigital.com.br\/index.php?rest_route=\/wp\/v2\/posts\/163187","targetHints":{"allow":["GET"]}}],"collection":[{"href":"https:\/\/diarioregionaldigital.com.br\/index.php?rest_route=\/wp\/v2\/posts"}],"about":[{"href":"https:\/\/diarioregionaldigital.com.br\/index.php?rest_route=\/wp\/v2\/types\/post"}],"author":[{"embeddable":true,"href":"https:\/\/diarioregionaldigital.com.br\/index.php?rest_route=\/wp\/v2\/users\/96"}],"replies":[{"embeddable":true,"href":"https:\/\/diarioregionaldigital.com.br\/index.php?rest_route=%2Fwp%2Fv2%2Fcomments&post=163187"}],"version-history":[{"count":0,"href":"https:\/\/diarioregionaldigital.com.br\/index.php?rest_route=\/wp\/v2\/posts\/163187\/revisions"}],"wp:featuredmedia":[{"embeddable":true,"href":"https:\/\/diarioregionaldigital.com.br\/index.php?rest_route=\/wp\/v2\/media\/163188"}],"wp:attachment":[{"href":"https:\/\/diarioregionaldigital.com.br\/index.php?rest_route=%2Fwp%2Fv2%2Fmedia&parent=163187"}],"wp:term":[{"taxonomy":"category","embeddable":true,"href":"https:\/\/diarioregionaldigital.com.br\/index.php?rest_route=%2Fwp%2Fv2%2Fcategories&post=163187"},{"taxonomy":"post_tag","embeddable":true,"href":"https:\/\/diarioregionaldigital.com.br\/index.php?rest_route=%2Fwp%2Fv2%2Ftags&post=163187"}],"curies":[{"name":"wp","href":"https:\/\/api.w.org\/{rel}","templated":true}]}}