{"id":163184,"date":"2020-06-26T10:11:46","date_gmt":"2020-06-26T13:11:46","guid":{"rendered":"https:\/\/diarioregionaldigital.com.br\/?p=163184"},"modified":"2020-06-26T10:11:46","modified_gmt":"2020-06-26T13:11:46","slug":"pedidos-de-seguro-desemprego-sobem-35-na-primeira-quinzena-de-junho","status":"publish","type":"post","link":"https:\/\/diarioregionaldigital.com.br\/?p=163184","title":{"rendered":"Pedidos de seguro-desemprego sobem 35% na primeira quinzena de junho"},"content":{"rendered":"<p>Os pedidos de seguro-desemprego de trabalhadores com carteira assinada subiram 35% na primeira quinzena de junho em rela\u00e7\u00e3o ao mesmo per\u00edodo do ano passado. O levantamento foi divulgado pela Secretaria de Trabalho do Minist\u00e9rio da Economia e considera os atendimentos presenciais \u2013 nas unidades do Sistema Nacional de Emprego (Sine) e das Superintend\u00eancias Regionais do Trabalho \u2013 e os requerimentos virtuais.<\/p>\n<p>Na primeira metade do m\u00eas, 351.315 benef\u00edcios de seguro-desemprego foram requeridos, contra 260.228 pedidos registrados no mesmo per\u00edodo do ano passado. Ao todo, 71,4% dos benef\u00edcios foram pedidos pela internet no m\u00eas passado, contra apenas 0,7% no mesmo per\u00edodo de 2019.<\/p>\n<p><strong>N\u00famero acumulado<\/strong><\/p>\n<p>Apesar da alta em junho, os pedidos de seguro-desemprego cresceram em ritmo menor no acumulado do ano, tendo somado 3.648.762 de 2 janeiro a 15 de junho de 2020. O total representa aumento de 14,2% em rela\u00e7\u00e3o ao acumulado no mesmo per\u00edodo do ano passado, 3.194.122.<\/p>\n<p>No acumulado do ano, 52,2% dos requerimentos de seguro-desemprego (1.903.921) foram pedidos pela internet, pelo portal gov.br e pelo aplicativo da carteira de trabalho digital; 47,8% dos benef\u00edcios (1.744.841) foram pedidos presencialmente. No mesmo per\u00edodo do ano passado, 98,5% dos requerimentos (3.147.751) tinham sido pedidos nos postos do Sine e nas superintend\u00eancias regionais e apenas 1,5% (46.371) tinha sido solicitado pela internet.<\/p>\n<p>Embora os requerimentos possam ser feitos de forma 100% digital e sem espera para a concess\u00e3o do benef\u00edcio, o Minist\u00e9rio da Economia informou que os dados indicam que muitos trabalhadores continuam aguardando a reabertura dos postos do Sine, administrados pelos estados e pelos munic\u00edpios, para darem entrada nos pedidos. O empregado demitido ou que pediu demiss\u00e3o tem at\u00e9 120 dias depois da baixa na carteira de trabalho para dar entrada no seguro-desemprego.<\/p>\n<p><strong>Perfil<\/strong><\/p>\n<p>Em rela\u00e7\u00e3o ao perfil dos requerentes do seguro-desemprego na primeira quinzena de junho, a maioria \u00e9 masculina (60,2%). A faixa et\u00e1ria com maior n\u00famero de solicitantes est\u00e1 entre 30 e 39 anos (32%) e, quanto \u00e0 escolaridade, 60,4% t\u00eam ensino m\u00e9dio completo. Em rela\u00e7\u00e3o aos setores econ\u00f4micos, servi\u00e7os representou 41,7% dos requerimentos, seguido por com\u00e9rcio (25,3%), ind\u00fastria (19,3%) e constru\u00e7\u00e3o (9,8%).<\/p>\n<p>Os estados com o maior n\u00famero de pedidos foram S\u00e3o Paulo (109.278), Minas Gerais (37.130) e Rio de Janeiro (28.507) e os que tiveram maior propor\u00e7\u00e3o de requerimentos via web foram Acre (98,1%), Amap\u00e1 (95,2%) e Alagoas (92,2%).<\/p>\n<p><strong>Fonte:\u00a0<\/strong>Ag\u00eancia Brasil<\/p>\n","protected":false},"excerpt":{"rendered":"<p>Os pedidos de seguro-desemprego de trabalhadores com carteira assinada subiram 35% na primeira quinzena de junho em rela\u00e7\u00e3o ao mesmo per\u00edodo do ano passado. O levantamento foi divulgado pela Secretaria de Trabalho do Minist\u00e9rio da Economia e considera os atendimentos presenciais \u2013 nas unidades do Sistema Nacional de Emprego (Sine) e das Superintend\u00eancias Regionais do [&hellip;]<\/p>\n","protected":false},"author":96,"featured_media":163185,"comment_status":"closed","ping_status":"closed","sticky":false,"template":"","format":"standard","meta":{"footnotes":""},"categories":[436,261,439],"tags":[],"class_list":["post-163184","post","type-post","status-publish","format-standard","has-post-thumbnail","hentry","category-destaque-da-semana","category-economia","category-ultima-hora"],"_links":{"self":[{"href":"https:\/\/diarioregionaldigital.com.br\/index.php?rest_route=\/wp\/v2\/posts\/163184","targetHints":{"allow":["GET"]}}],"collection":[{"href":"https:\/\/diarioregionaldigital.com.br\/index.php?rest_route=\/wp\/v2\/posts"}],"about":[{"href":"https:\/\/diarioregionaldigital.com.br\/index.php?rest_route=\/wp\/v2\/types\/post"}],"author":[{"embeddable":true,"href":"https:\/\/diarioregionaldigital.com.br\/index.php?rest_route=\/wp\/v2\/users\/96"}],"replies":[{"embeddable":true,"href":"https:\/\/diarioregionaldigital.com.br\/index.php?rest_route=%2Fwp%2Fv2%2Fcomments&post=163184"}],"version-history":[{"count":0,"href":"https:\/\/diarioregionaldigital.com.br\/index.php?rest_route=\/wp\/v2\/posts\/163184\/revisions"}],"wp:featuredmedia":[{"embeddable":true,"href":"https:\/\/diarioregionaldigital.com.br\/index.php?rest_route=\/wp\/v2\/media\/163185"}],"wp:attachment":[{"href":"https:\/\/diarioregionaldigital.com.br\/index.php?rest_route=%2Fwp%2Fv2%2Fmedia&parent=163184"}],"wp:term":[{"taxonomy":"category","embeddable":true,"href":"https:\/\/diarioregionaldigital.com.br\/index.php?rest_route=%2Fwp%2Fv2%2Fcategories&post=163184"},{"taxonomy":"post_tag","embeddable":true,"href":"https:\/\/diarioregionaldigital.com.br\/index.php?rest_route=%2Fwp%2Fv2%2Ftags&post=163184"}],"curies":[{"name":"wp","href":"https:\/\/api.w.org\/{rel}","templated":true}]}}