{"id":163181,"date":"2020-06-26T10:10:01","date_gmt":"2020-06-26T13:10:01","guid":{"rendered":"https:\/\/diarioregionaldigital.com.br\/?p=163181"},"modified":"2020-06-26T10:10:01","modified_gmt":"2020-06-26T13:10:01","slug":"credito-deve-apresentar-expansao-de-76-em-2020","status":"publish","type":"post","link":"https:\/\/diarioregionaldigital.com.br\/?p=163181","title":{"rendered":"Cr\u00e9dito deve apresentar expans\u00e3o de 7,6% em 2020"},"content":{"rendered":"<p>O Banco Central (BC) projeta que o saldo das opera\u00e7\u00f5es de cr\u00e9dito tenha crescimento de 7,6% este ano, puxado pelo crescimento da demanda das empresas por empr\u00e9stimos. A revis\u00e3o da estimativa, que em mar\u00e7o era de crescimento de 4,8%, est\u00e1 no Relat\u00f3rio de Infla\u00e7\u00e3o.<\/p>\n<p>Para as pessoas f\u00edsicas, a previs\u00e3o passou de 7,8% para 5,8%, enquanto a estimativa para as empresas subiu de forma expressiva, de 0,6% para 10%.<\/p>\n<p>\u201cDe forma geral, essa revis\u00e3o incorpora os efeitos do aumento acentuado na demanda das empresas por cr\u00e9dito, refletindo o comportamento precaucional ante o aumento das adversidades impostas pela pandemia da covid-19 e a necessidade de caixa da grande maioria das empresas decorrente da queda nas vendas\u201d, destacou o BC.<\/p>\n<p><strong>Empresas<\/strong><\/p>\n<p>No caso das empresas, diz o Banco Central, houve aumento na proje\u00e7\u00e3o de crescimento do segmento de recursos livres (de 6% para 15,6%), \u201ca despeito da deteriora\u00e7\u00e3o do cen\u00e1rio prospectivo para a atividade econ\u00f4mica. Essa altera\u00e7\u00e3o se fundamenta na perspectiva de maior demanda de cr\u00e9dito das empresas, movimento que come\u00e7ou a ser percebido a partir da segunda quinzena de mar\u00e7o, quando as firmas buscaram constituir liquidez para lidar com o agravamento da crise\u201d, disse.<\/p>\n<p>Segundo o BC, a expectativa de alta do d\u00f3lar, em rela\u00e7\u00e3o a 2019, tamb\u00e9m deve contribuir para eleva\u00e7\u00e3o do cr\u00e9dito nesse segmento. \u201cTanto por seu impacto direto sobre os contratos que possuem encargos em moeda estrangeira, quanto pelo est\u00edmulo conferido a exportadores para antecipa\u00e7\u00e3o de vendas ao exterior\u201d, disse o BC.<\/p>\n<p>No caso dos empr\u00e9stimos com recursos direcionados (cr\u00e9dito com regras definidas pelo governo, destinados basicamente aos setores habitacional, rural, de infraestrutura e ao microcr\u00e9dito) \u00e0s empresas, a proje\u00e7\u00e3o \u00e9 de expans\u00e3o de 1%, ante estimativa anterior de retra\u00e7\u00e3o de 8% do saldo. \u201cA revers\u00e3o na tend\u00eancia decorre tanto dos programas de suspens\u00e3o nos pagamentos das parcelas dos financiamentos em vigor, com destaque para as posterga\u00e7\u00f5es de pagamento anunciadas pelo Banco Nacional de Desenvolvimento Econ\u00f4mico e Social (BNDES), quanto pelo aumento esperado nas novas linhas criadas para combater os efeitos da pandemia\u201d, destacou o BC.<\/p>\n<p><strong>Fam\u00edlias<\/strong><\/p>\n<p>Na avalia\u00e7\u00e3o do BC, \u201cos empr\u00e9stimos para pessoas f\u00edsicas financiados com recursos livres devem apresentar desacelera\u00e7\u00e3o, influenciados em parte pela posterga\u00e7\u00e3o de gastos n\u00e3o essenciais, neste contexto de crise, e pelo adiamento de decis\u00f5es de consumo\u201d. \u201cOs primeiros dados mostram queda acentuada no saldo do cart\u00e3o de cr\u00e9dito \u00e0 vista e revers\u00e3o na trajet\u00f3ria dos financiamentos de ve\u00edculos, modalidades sens\u00edveis ao ciclo econ\u00f4mico, que apresentaram decr\u00e9scimo no saldo em abril, repercutindo o recuo no volume de concess\u00f5es. Os empr\u00e9stimos consignados devem suavizar a desacelera\u00e7\u00e3o do cr\u00e9dito livre a pessoas f\u00edsicas\u201d, ressaltou.<\/p>\n<p>Nesse contexto, o BC projeta crescimento desse segmento em 2020 de 6,5%, ante estimativa anterior de 10%.<\/p>\n<p>Em rela\u00e7\u00e3o ao saldo de cr\u00e9dito com recursos direcionados \u00e0s fam\u00edlias, foi mantida a proje\u00e7\u00e3o de crescimento divulgada anteriormente em 5%, \u201cconsiderando que parte da desacelera\u00e7\u00e3o esperada nas concess\u00f5es de financiamentos imobili\u00e1rios, principal modalidade do grupo, deve ser compensada pela ades\u00e3o dos mutu\u00e1rios aos acordos de suspens\u00e3o de pagamentos de parcelas oferecidos pelos bancos\u201d.<\/p>\n<p><strong>Fonte:\u00a0<\/strong>Ag\u00eancia Brasil<\/p>\n","protected":false},"excerpt":{"rendered":"<p>O Banco Central (BC) projeta que o saldo das opera\u00e7\u00f5es de cr\u00e9dito tenha crescimento de 7,6% este ano, puxado pelo crescimento da demanda das empresas por empr\u00e9stimos. A revis\u00e3o da estimativa, que em mar\u00e7o era de crescimento de 4,8%, est\u00e1 no Relat\u00f3rio de Infla\u00e7\u00e3o. Para as pessoas f\u00edsicas, a previs\u00e3o passou de 7,8% para 5,8%, [&hellip;]<\/p>\n","protected":false},"author":96,"featured_media":163182,"comment_status":"closed","ping_status":"closed","sticky":false,"template":"","format":"standard","meta":{"footnotes":""},"categories":[436,261,439],"tags":[],"class_list":["post-163181","post","type-post","status-publish","format-standard","has-post-thumbnail","hentry","category-destaque-da-semana","category-economia","category-ultima-hora"],"_links":{"self":[{"href":"https:\/\/diarioregionaldigital.com.br\/index.php?rest_route=\/wp\/v2\/posts\/163181","targetHints":{"allow":["GET"]}}],"collection":[{"href":"https:\/\/diarioregionaldigital.com.br\/index.php?rest_route=\/wp\/v2\/posts"}],"about":[{"href":"https:\/\/diarioregionaldigital.com.br\/index.php?rest_route=\/wp\/v2\/types\/post"}],"author":[{"embeddable":true,"href":"https:\/\/diarioregionaldigital.com.br\/index.php?rest_route=\/wp\/v2\/users\/96"}],"replies":[{"embeddable":true,"href":"https:\/\/diarioregionaldigital.com.br\/index.php?rest_route=%2Fwp%2Fv2%2Fcomments&post=163181"}],"version-history":[{"count":0,"href":"https:\/\/diarioregionaldigital.com.br\/index.php?rest_route=\/wp\/v2\/posts\/163181\/revisions"}],"wp:featuredmedia":[{"embeddable":true,"href":"https:\/\/diarioregionaldigital.com.br\/index.php?rest_route=\/wp\/v2\/media\/163182"}],"wp:attachment":[{"href":"https:\/\/diarioregionaldigital.com.br\/index.php?rest_route=%2Fwp%2Fv2%2Fmedia&parent=163181"}],"wp:term":[{"taxonomy":"category","embeddable":true,"href":"https:\/\/diarioregionaldigital.com.br\/index.php?rest_route=%2Fwp%2Fv2%2Fcategories&post=163181"},{"taxonomy":"post_tag","embeddable":true,"href":"https:\/\/diarioregionaldigital.com.br\/index.php?rest_route=%2Fwp%2Fv2%2Ftags&post=163181"}],"curies":[{"name":"wp","href":"https:\/\/api.w.org\/{rel}","templated":true}]}}