{"id":163132,"date":"2020-06-26T06:00:11","date_gmt":"2020-06-26T09:00:11","guid":{"rendered":"https:\/\/diarioregionaldigital.com.br\/?p=163132"},"modified":"2020-06-25T23:08:18","modified_gmt":"2020-06-26T02:08:18","slug":"semana-rainbow","status":"publish","type":"post","link":"https:\/\/diarioregionaldigital.com.br\/?p=163132","title":{"rendered":"Semana Rainbow"},"content":{"rendered":"<p style=\"text-align: center;\"><strong>Em Casa <\/strong><\/p>\n<p style=\"text-align: center;\">Com os bons bares fechados, a op\u00e7\u00e3o ser\u00e1 por uns tempos a vers\u00e3o delivery. Em Juiz de Fora temos \u00f3timos lugares para solicitar as irresist\u00edveis empadinhas de camar\u00e3o, os bolinhos de bacalhau, pasteizinhos diversos e t\u00e1buas de frios deliciosas. Coloque a cerveja para gelar e encomende os quitutes no bar de sua prefer\u00eancia ou o box de del\u00edcias de Francele Galil pelo fone: 988151512<\/p>\n<p style=\"text-align: center;\"><strong>Arte e Covid<\/strong><\/p>\n<p style=\"text-align: center;\">O Brasil tamb\u00e9m tem seu museu virtual dedicado \u00e0s artes de quarentena. O @museudoisolamento j\u00e1 re\u00fane obras de mais de 600 nomes e tem quase 30 mil seguidores. Segue l\u00e1 e veja preciosidades que faz a diferen\u00e7a.<\/p>\n<p style=\"text-align: center;\"><span style=\"font-size: 14pt;\"><strong>Semana Rainbow<\/strong><\/span><\/p>\n<p style=\"text-align: center;\">A IV Semana Rainbow da UFJF re\u00fane arte, cultura, ci\u00eancia, educa\u00e7\u00e3o e divers\u00e3o em um espa\u00e7o on-line, seguindo as recomenda\u00e7\u00f5es da Organiza\u00e7\u00e3o Mundial de Sa\u00fade (OMS). As atividades, cheias de cores e diversidade, acontecem na noite de 27 de junho e no per\u00edodo entre 10 e 16 de agosto. O lan\u00e7amento ocorre na noite de s\u00e1bado, 27 de junho, trazendo uma roda de conversas \u00e9 uma apresenta\u00e7\u00e3o do espet\u00e1culo de teatro STONEWALL 50, com o ator paulista Thiago Mendon\u00e7a<\/p>\n<div id=\"attachment_163119\" style=\"width: 690px\" class=\"wp-caption aligncenter\"><img loading=\"lazy\" decoding=\"async\" aria-describedby=\"caption-attachment-163119\" class=\"wp-image-163119\" src=\"https:\/\/diarioregionaldigital.com.br\/wp-content\/uploads\/2020\/06\/fotoa-14-e1593136698786.jpg\" alt=\"\" width=\"680\" height=\"493\" srcset=\"https:\/\/diarioregionaldigital.com.br\/wp-content\/uploads\/2020\/06\/fotoa-14-e1593136698786.jpg 1053w, https:\/\/diarioregionaldigital.com.br\/wp-content\/uploads\/2020\/06\/fotoa-14-e1593136698786-300x218.jpg 300w, https:\/\/diarioregionaldigital.com.br\/wp-content\/uploads\/2020\/06\/fotoa-14-e1593136698786-1024x743.jpg 1024w, https:\/\/diarioregionaldigital.com.br\/wp-content\/uploads\/2020\/06\/fotoa-14-e1593136698786-768x557.jpg 768w, https:\/\/diarioregionaldigital.com.br\/wp-content\/uploads\/2020\/06\/fotoa-14-e1593136698786-360x261.jpg 360w\" sizes=\"auto, (max-width: 680px) 100vw, 680px\" \/><p id=\"caption-attachment-163119\" class=\"wp-caption-text\">Ilustres visitando esse espa\u00e7o respirando cultura para esta p\u00e1gina virtual com Douglas Fasolato e Marcelo Horta<\/p><\/div>\n<div id=\"attachment_163120\" style=\"width: 690px\" class=\"wp-caption aligncenter\"><img loading=\"lazy\" decoding=\"async\" aria-describedby=\"caption-attachment-163120\" class=\"wp-image-163120\" src=\"https:\/\/diarioregionaldigital.com.br\/wp-content\/uploads\/2020\/06\/fotoaa-5-e1593136728237.jpg\" alt=\"\" width=\"680\" height=\"489\" srcset=\"https:\/\/diarioregionaldigital.com.br\/wp-content\/uploads\/2020\/06\/fotoaa-5-e1593136728237.jpg 952w, https:\/\/diarioregionaldigital.com.br\/wp-content\/uploads\/2020\/06\/fotoaa-5-e1593136728237-300x216.jpg 300w, https:\/\/diarioregionaldigital.com.br\/wp-content\/uploads\/2020\/06\/fotoaa-5-e1593136728237-768x552.jpg 768w, https:\/\/diarioregionaldigital.com.br\/wp-content\/uploads\/2020\/06\/fotoaa-5-e1593136728237-360x259.jpg 360w\" sizes=\"auto, (max-width: 680px) 100vw, 680px\" \/><p id=\"caption-attachment-163120\" class=\"wp-caption-text\">Em tempo de festa junina Raffaela e Adeir Caruso com a linda filha Giulia<\/p><\/div>\n<div id=\"attachment_163121\" style=\"width: 690px\" class=\"wp-caption aligncenter\"><img loading=\"lazy\" decoding=\"async\" aria-describedby=\"caption-attachment-163121\" class=\"wp-image-163121\" src=\"https:\/\/diarioregionaldigital.com.br\/wp-content\/uploads\/2020\/06\/fotob-16-e1593136761855.jpg\" alt=\"\" width=\"680\" height=\"522\" srcset=\"https:\/\/diarioregionaldigital.com.br\/wp-content\/uploads\/2020\/06\/fotob-16-e1593136761855.jpg 726w, https:\/\/diarioregionaldigital.com.br\/wp-content\/uploads\/2020\/06\/fotob-16-e1593136761855-300x230.jpg 300w, https:\/\/diarioregionaldigital.com.br\/wp-content\/uploads\/2020\/06\/fotob-16-e1593136761855-360x276.jpg 360w\" sizes=\"auto, (max-width: 680px) 100vw, 680px\" \/><p id=\"caption-attachment-163121\" class=\"wp-caption-text\">O bonito Jo\u00e3o Paulo Escobar antes da pandemia era s\u00f3 alegria<\/p><\/div>\n<div id=\"attachment_163122\" style=\"width: 690px\" class=\"wp-caption aligncenter\"><img loading=\"lazy\" decoding=\"async\" aria-describedby=\"caption-attachment-163122\" class=\"wp-image-163122\" src=\"https:\/\/diarioregionaldigital.com.br\/wp-content\/uploads\/2020\/06\/fotoc-15-e1593136792118.jpg\" alt=\"\" width=\"680\" height=\"519\" srcset=\"https:\/\/diarioregionaldigital.com.br\/wp-content\/uploads\/2020\/06\/fotoc-15-e1593136792118.jpg 1433w, https:\/\/diarioregionaldigital.com.br\/wp-content\/uploads\/2020\/06\/fotoc-15-e1593136792118-300x229.jpg 300w, https:\/\/diarioregionaldigital.com.br\/wp-content\/uploads\/2020\/06\/fotoc-15-e1593136792118-1024x782.jpg 1024w, https:\/\/diarioregionaldigital.com.br\/wp-content\/uploads\/2020\/06\/fotoc-15-e1593136792118-768x586.jpg 768w, https:\/\/diarioregionaldigital.com.br\/wp-content\/uploads\/2020\/06\/fotoc-15-e1593136792118-360x275.jpg 360w\" sizes=\"auto, (max-width: 680px) 100vw, 680px\" \/><p id=\"caption-attachment-163122\" class=\"wp-caption-text\">A bel\u00edssima atriz e empres\u00e1ria juizforana, Ana Teresa Wellerson, lan\u00e7ando moda carioca<\/p><\/div>\n<div id=\"attachment_163123\" style=\"width: 690px\" class=\"wp-caption aligncenter\"><img loading=\"lazy\" decoding=\"async\" aria-describedby=\"caption-attachment-163123\" class=\"wp-image-163123\" src=\"https:\/\/diarioregionaldigital.com.br\/wp-content\/uploads\/2020\/06\/fotod-14-e1593136826772.jpg\" alt=\"\" width=\"680\" height=\"779\" srcset=\"https:\/\/diarioregionaldigital.com.br\/wp-content\/uploads\/2020\/06\/fotod-14-e1593136826772.jpg 540w, https:\/\/diarioregionaldigital.com.br\/wp-content\/uploads\/2020\/06\/fotod-14-e1593136826772-262x300.jpg 262w, https:\/\/diarioregionaldigital.com.br\/wp-content\/uploads\/2020\/06\/fotod-14-e1593136826772-360x413.jpg 360w\" sizes=\"auto, (max-width: 680px) 100vw, 680px\" \/><p id=\"caption-attachment-163123\" class=\"wp-caption-text\">Formando casal 20, Jansen Narciso e Kelly Dias<\/p><\/div>\n<div id=\"attachment_163124\" style=\"width: 690px\" class=\"wp-caption aligncenter\"><img loading=\"lazy\" decoding=\"async\" aria-describedby=\"caption-attachment-163124\" class=\"wp-image-163124\" src=\"https:\/\/diarioregionaldigital.com.br\/wp-content\/uploads\/2020\/06\/fotof-17-e1593136853442.jpg\" alt=\"\" width=\"680\" height=\"493\" srcset=\"https:\/\/diarioregionaldigital.com.br\/wp-content\/uploads\/2020\/06\/fotof-17-e1593136853442.jpg 1071w, https:\/\/diarioregionaldigital.com.br\/wp-content\/uploads\/2020\/06\/fotof-17-e1593136853442-300x218.jpg 300w, https:\/\/diarioregionaldigital.com.br\/wp-content\/uploads\/2020\/06\/fotof-17-e1593136853442-1024x743.jpg 1024w, https:\/\/diarioregionaldigital.com.br\/wp-content\/uploads\/2020\/06\/fotof-17-e1593136853442-768x557.jpg 768w, https:\/\/diarioregionaldigital.com.br\/wp-content\/uploads\/2020\/06\/fotof-17-e1593136853442-360x261.jpg 360w\" sizes=\"auto, (max-width: 680px) 100vw, 680px\" \/><p id=\"caption-attachment-163124\" class=\"wp-caption-text\">Em fam\u00edlia com os Beire: Erika, Beth, Leonardo, Galdina e Ricardo<\/p><\/div>\n<div id=\"attachment_163126\" style=\"width: 690px\" class=\"wp-caption aligncenter\"><img loading=\"lazy\" decoding=\"async\" aria-describedby=\"caption-attachment-163126\" class=\"wp-image-163126\" src=\"https:\/\/diarioregionaldigital.com.br\/wp-content\/uploads\/2020\/06\/fotoh-17-e1593136922842.jpg\" alt=\"\" width=\"680\" height=\"499\" srcset=\"https:\/\/diarioregionaldigital.com.br\/wp-content\/uploads\/2020\/06\/fotoh-17-e1593136922842.jpg 938w, https:\/\/diarioregionaldigital.com.br\/wp-content\/uploads\/2020\/06\/fotoh-17-e1593136922842-300x220.jpg 300w, https:\/\/diarioregionaldigital.com.br\/wp-content\/uploads\/2020\/06\/fotoh-17-e1593136922842-768x563.jpg 768w, https:\/\/diarioregionaldigital.com.br\/wp-content\/uploads\/2020\/06\/fotoh-17-e1593136922842-360x264.jpg 360w\" sizes=\"auto, (max-width: 680px) 100vw, 680px\" \/><p id=\"caption-attachment-163126\" class=\"wp-caption-text\">No carnaval que passou os queridos, Marcelo Barra, Beth Ank e Valtencir F\u00e1vero<\/p><\/div>\n<div id=\"attachment_163127\" style=\"width: 690px\" class=\"wp-caption aligncenter\"><img loading=\"lazy\" decoding=\"async\" aria-describedby=\"caption-attachment-163127\" class=\"wp-image-163127\" src=\"https:\/\/diarioregionaldigital.com.br\/wp-content\/uploads\/2020\/06\/foto-2-e1593136947898.jpg\" alt=\"\" width=\"680\" height=\"502\" srcset=\"https:\/\/diarioregionaldigital.com.br\/wp-content\/uploads\/2020\/06\/foto-2-e1593136947898.jpg 520w, https:\/\/diarioregionaldigital.com.br\/wp-content\/uploads\/2020\/06\/foto-2-e1593136947898-300x222.jpg 300w, https:\/\/diarioregionaldigital.com.br\/wp-content\/uploads\/2020\/06\/foto-2-e1593136947898-360x266.jpg 360w\" sizes=\"auto, (max-width: 680px) 100vw, 680px\" \/><p id=\"caption-attachment-163127\" class=\"wp-caption-text\">Em Ub\u00e1, o charme discreto de Paulo Roberto Souza<\/p><\/div>\n<div id=\"attachment_163125\" style=\"width: 690px\" class=\"wp-caption aligncenter\"><img loading=\"lazy\" decoding=\"async\" aria-describedby=\"caption-attachment-163125\" class=\"wp-image-163125\" src=\"https:\/\/diarioregionaldigital.com.br\/wp-content\/uploads\/2020\/06\/fotog-15-e1593136886174.jpg\" alt=\"\" width=\"680\" height=\"474\" srcset=\"https:\/\/diarioregionaldigital.com.br\/wp-content\/uploads\/2020\/06\/fotog-15-e1593136886174.jpg 976w, https:\/\/diarioregionaldigital.com.br\/wp-content\/uploads\/2020\/06\/fotog-15-e1593136886174-300x210.jpg 300w, https:\/\/diarioregionaldigital.com.br\/wp-content\/uploads\/2020\/06\/fotog-15-e1593136886174-768x535.jpg 768w, https:\/\/diarioregionaldigital.com.br\/wp-content\/uploads\/2020\/06\/fotog-15-e1593136886174-360x251.jpg 360w, https:\/\/diarioregionaldigital.com.br\/wp-content\/uploads\/2020\/06\/fotog-15-e1593136886174-100x70.jpg 100w\" sizes=\"auto, (max-width: 680px) 100vw, 680px\" \/><p id=\"caption-attachment-163125\" class=\"wp-caption-text\">Iluminando o Parque Halfeld: Oswaldo Chartouni e Alcione Marocolo com os filhos Lucas e Rodrigo<\/p><\/div>\n<p style=\"text-align: center;\"><strong>FOTOSS\u00cdNTESE<\/strong><\/p>\n<p>Em compasso de espera, os profissionais de enfermagem cobram pol\u00edtica de testagem. Em momento delicado do aumento do Coranav\u00edrus em Juiz de Fora, a categoria defende diagn\u00f3stico para todos os trabalhadores inclusive os assintom\u00e1ticos.<\/p>\n<p>Recado de uma autoridade: \u201c\u00c9 mais importante manter o distanciamento social do que o com\u00e9rcio fechado, por exemplo. As pessoas v\u00e3o ter que mudar seus h\u00e1bitos\u201d.<\/p>\n<p>Testemunha ocular da hist\u00f3ria trabalhadores v\u00e3o para informalidade das ruas para sobreviver e garantir sustento da fam\u00edlia. As op\u00e7\u00f5es s\u00e3o m\u00e1scaras, frutas, meias, acess\u00f3rios para celulares e miudezas.<\/p>\n<p>Repercutindo na cidade o trabalho s\u00e9rio e competente do cirurgi\u00e3o pl\u00e1stico Augusto Almeida, que atua na Cl\u00ednica Lindomar Delgado.<\/p>\n<p>Procurada pelas lideran\u00e7as na cidade, a C\u00e2mara Municipal deve ser convidada a ter uma participa\u00e7\u00e3o mais assertiva no Comit\u00ea de Combate \u00e0 Covid-19.<\/p>\n<p>Finalizando o documento em artes na UERJ Let\u00edcia Bertagna foi indicada ao Pr\u00eamio PIPA 2020, uma refer\u00eancia no campo da produ\u00e7\u00e3o art\u00edstica nacional.<\/p>\n<p>Publicado na revista internacional \u201cJ.Multidiscipe Dent\u201d, o artigo sobre implantes dent\u00e1rios assinado pelo Coordenador de odontologia da Suprema, Rodrigo Guerra e os professores Leonardo Piccinini, F\u00e1bio Bezerra, B\u00e1rbara Concei\u00e7\u00e3o, Lucas Villar e Luana Cerqueira Vianna.<\/p>\n<p>Preciosidade: Aprendi que a vida n\u00e3o \u00e9 aferida pela quantidade de nada, nem sorol\u00f3gica, nem de produ\u00e7\u00e3o. A vida \u00e9 uma doa\u00e7\u00e3o, de Deus dos amigos, dos enfermeiros e dos m\u00e9dicos. Bom dia.<\/p>\n<p><img loading=\"lazy\" decoding=\"async\" class=\"aligncenter size-full wp-image-163130\" src=\"https:\/\/diarioregionaldigital.com.br\/wp-content\/uploads\/2020\/06\/anuncio56-scaled.jpg\" alt=\"\" width=\"2560\" height=\"977\" srcset=\"https:\/\/diarioregionaldigital.com.br\/wp-content\/uploads\/2020\/06\/anuncio56-scaled.jpg 2560w, https:\/\/diarioregionaldigital.com.br\/wp-content\/uploads\/2020\/06\/anuncio56-300x114.jpg 300w, https:\/\/diarioregionaldigital.com.br\/wp-content\/uploads\/2020\/06\/anuncio56-1024x391.jpg 1024w, https:\/\/diarioregionaldigital.com.br\/wp-content\/uploads\/2020\/06\/anuncio56-768x293.jpg 768w, https:\/\/diarioregionaldigital.com.br\/wp-content\/uploads\/2020\/06\/anuncio56-1536x586.jpg 1536w, https:\/\/diarioregionaldigital.com.br\/wp-content\/uploads\/2020\/06\/anuncio56-2048x781.jpg 2048w, https:\/\/diarioregionaldigital.com.br\/wp-content\/uploads\/2020\/06\/anuncio56-360x137.jpg 360w\" sizes=\"auto, (max-width: 2560px) 100vw, 2560px\" \/><\/p>\n","protected":false},"excerpt":{"rendered":"<p>Em Casa Com os bons bares fechados, a op\u00e7\u00e3o ser\u00e1 por uns tempos a vers\u00e3o delivery. Em Juiz de Fora temos \u00f3timos lugares para solicitar as irresist\u00edveis empadinhas de camar\u00e3o, os bolinhos de bacalhau, pasteizinhos diversos e t\u00e1buas de frios deliciosas. Coloque a cerveja para gelar e encomende os quitutes no bar de sua prefer\u00eancia [&hellip;]<\/p>\n","protected":false},"author":96,"featured_media":163119,"comment_status":"closed","ping_status":"closed","sticky":false,"template":"","format":"standard","meta":{"footnotes":""},"categories":[264],"tags":[],"class_list":["post-163132","post","type-post","status-publish","format-standard","has-post-thumbnail","hentry","category-eduardo-gomes"],"_links":{"self":[{"href":"https:\/\/diarioregionaldigital.com.br\/index.php?rest_route=\/wp\/v2\/posts\/163132","targetHints":{"allow":["GET"]}}],"collection":[{"href":"https:\/\/diarioregionaldigital.com.br\/index.php?rest_route=\/wp\/v2\/posts"}],"about":[{"href":"https:\/\/diarioregionaldigital.com.br\/index.php?rest_route=\/wp\/v2\/types\/post"}],"author":[{"embeddable":true,"href":"https:\/\/diarioregionaldigital.com.br\/index.php?rest_route=\/wp\/v2\/users\/96"}],"replies":[{"embeddable":true,"href":"https:\/\/diarioregionaldigital.com.br\/index.php?rest_route=%2Fwp%2Fv2%2Fcomments&post=163132"}],"version-history":[{"count":0,"href":"https:\/\/diarioregionaldigital.com.br\/index.php?rest_route=\/wp\/v2\/posts\/163132\/revisions"}],"wp:featuredmedia":[{"embeddable":true,"href":"https:\/\/diarioregionaldigital.com.br\/index.php?rest_route=\/wp\/v2\/media\/163119"}],"wp:attachment":[{"href":"https:\/\/diarioregionaldigital.com.br\/index.php?rest_route=%2Fwp%2Fv2%2Fmedia&parent=163132"}],"wp:term":[{"taxonomy":"category","embeddable":true,"href":"https:\/\/diarioregionaldigital.com.br\/index.php?rest_route=%2Fwp%2Fv2%2Fcategories&post=163132"},{"taxonomy":"post_tag","embeddable":true,"href":"https:\/\/diarioregionaldigital.com.br\/index.php?rest_route=%2Fwp%2Fv2%2Ftags&post=163132"}],"curies":[{"name":"wp","href":"https:\/\/api.w.org\/{rel}","templated":true}]}}