{"id":163112,"date":"2020-06-25T19:52:24","date_gmt":"2020-06-25T22:52:24","guid":{"rendered":"https:\/\/diarioregionaldigital.com.br\/?p=163112"},"modified":"2020-06-25T19:52:24","modified_gmt":"2020-06-25T22:52:24","slug":"covid-19-brasil-chega-a-549-mil-mortes-e-122-milhao-de-casos","status":"publish","type":"post","link":"https:\/\/diarioregionaldigital.com.br\/?p=163112","title":{"rendered":"Covid-19: Brasil chega a 54,9 mil mortes e 1,22 milh\u00e3o de casos"},"content":{"rendered":"<p>O Brasil teve 1.141 novas mortes registradas em fun\u00e7\u00e3o da covid-19 registrados nas \u00faltimas 24 horas, de acordo com atualiza\u00e7\u00e3o do Minist\u00e9rio da Sa\u00fade divulgada hoje (25). Com esses acr\u00e9scimos \u00e0s estat\u00edsticas, o pa\u00eds chegou a 54.971 \u00f3bitos em fun\u00e7\u00e3o da pandemia do novo coronav\u00edrus.<img decoding=\"async\" src=\"https:\/\/agenciabrasil.ebc.com.br\/ebc.png?id=1310324&amp;o=node\" \/><\/p>\n<p>A atualiza\u00e7\u00e3o di\u00e1ria traz um aumento de 2,1% no n\u00famero de \u00f3bitos em rela\u00e7\u00e3o a ontem (24), quando o total estava em 53.830.<\/p>\n<p>O balan\u00e7o tamb\u00e9m teve 39.483 novos casos registrados, totalizando 1.228.114. O acr\u00e9scimo de pessoas infectadas marcou uma varia\u00e7\u00e3o de 3,3% sobre o n\u00famero de ontem (24), quando os dados do minist\u00e9rio registravam 1.188.631 de pessoas infectadas.<\/p>\n<p>Do total, 499.414 est\u00e3o em observa\u00e7\u00e3o e 673.729 foram recuperados. Diferentemente de balan\u00e7os anteriores, o de hoje n\u00e3o trouxe o n\u00famero de mortes em investiga\u00e7\u00e3o.<\/p>\n<p>Os registros s\u00e3o menores aos domingos e \u00e0s segundas-feiras em fun\u00e7\u00e3o da dificuldade de alimenta\u00e7\u00e3o de dados aos fins-de-semana, e maiores \u00e0s ter\u00e7as-feiras, em raz\u00e3o do ac\u00famulo de notifica\u00e7\u00f5es atualizadas no sistema.<\/p>\n<p>A taxa de letalidade (n\u00famero de mortes pelo total de casos) ficou em 4,5%. A mortalidade (\u00f3bitos por 100.000 habitantes) foi de 26,2. J\u00e1 a incid\u00eancia (casos confirmados por 100.000 habitantes) ficou em 584,4.<\/p>\n<p><strong>Estados<\/strong><\/p>\n<p>Os estados com maior n\u00famero de \u00f3bitos s\u00e3o: S\u00e3o Paulo (13.759), Rio de Janeiro (9.450), Cear\u00e1 (5.875), Par\u00e1 (4.748) e Pernambuco (4.488). Ainda figuram entres as unidades da Federa\u00e7\u00e3o com altos \u00edndices de mortes Amazonas (2.731), Maranh\u00e3o (1.871), Bahia (1.601), Esp\u00edrito Santo (1.490), Alagoas (958) e Para\u00edba (842).<\/p>\n<p>S\u00e3o Paulo tamb\u00e9m lidera entre os estados com maior n\u00famero de casos (248.587), seguido de Rio de Janeiro (105.897), do Cear\u00e1 (102.126), do Par\u00e1 (94.036) e do Maranh\u00e3o (74.925).<\/p>\n<p><strong>Fonte:\u00a0<\/strong>Ag\u00eancia Brasil<\/p>\n","protected":false},"excerpt":{"rendered":"<p>O Brasil teve 1.141 novas mortes registradas em fun\u00e7\u00e3o da covid-19 registrados nas \u00faltimas 24 horas, de acordo com atualiza\u00e7\u00e3o do Minist\u00e9rio da Sa\u00fade divulgada hoje (25). Com esses acr\u00e9scimos \u00e0s estat\u00edsticas, o pa\u00eds chegou a 54.971 \u00f3bitos em fun\u00e7\u00e3o da pandemia do novo coronav\u00edrus. A atualiza\u00e7\u00e3o di\u00e1ria traz um aumento de 2,1% no n\u00famero [&hellip;]<\/p>\n","protected":false},"author":96,"featured_media":163113,"comment_status":"closed","ping_status":"closed","sticky":false,"template":"","format":"standard","meta":{"footnotes":""},"categories":[302,436,440,439],"tags":[],"class_list":["post-163112","post","type-post","status-publish","format-standard","has-post-thumbnail","hentry","category-brasil-mundo","category-destaque-da-semana","category-destaques-do-dia","category-ultima-hora"],"_links":{"self":[{"href":"https:\/\/diarioregionaldigital.com.br\/index.php?rest_route=\/wp\/v2\/posts\/163112","targetHints":{"allow":["GET"]}}],"collection":[{"href":"https:\/\/diarioregionaldigital.com.br\/index.php?rest_route=\/wp\/v2\/posts"}],"about":[{"href":"https:\/\/diarioregionaldigital.com.br\/index.php?rest_route=\/wp\/v2\/types\/post"}],"author":[{"embeddable":true,"href":"https:\/\/diarioregionaldigital.com.br\/index.php?rest_route=\/wp\/v2\/users\/96"}],"replies":[{"embeddable":true,"href":"https:\/\/diarioregionaldigital.com.br\/index.php?rest_route=%2Fwp%2Fv2%2Fcomments&post=163112"}],"version-history":[{"count":0,"href":"https:\/\/diarioregionaldigital.com.br\/index.php?rest_route=\/wp\/v2\/posts\/163112\/revisions"}],"wp:featuredmedia":[{"embeddable":true,"href":"https:\/\/diarioregionaldigital.com.br\/index.php?rest_route=\/wp\/v2\/media\/163113"}],"wp:attachment":[{"href":"https:\/\/diarioregionaldigital.com.br\/index.php?rest_route=%2Fwp%2Fv2%2Fmedia&parent=163112"}],"wp:term":[{"taxonomy":"category","embeddable":true,"href":"https:\/\/diarioregionaldigital.com.br\/index.php?rest_route=%2Fwp%2Fv2%2Fcategories&post=163112"},{"taxonomy":"post_tag","embeddable":true,"href":"https:\/\/diarioregionaldigital.com.br\/index.php?rest_route=%2Fwp%2Fv2%2Ftags&post=163112"}],"curies":[{"name":"wp","href":"https:\/\/api.w.org\/{rel}","templated":true}]}}