{"id":163110,"date":"2020-06-25T18:24:28","date_gmt":"2020-06-25T21:24:28","guid":{"rendered":"https:\/\/diarioregionaldigital.com.br\/?p=163110"},"modified":"2020-06-25T18:24:28","modified_gmt":"2020-06-25T21:24:28","slug":"minas-vem-mantendo-controle-da-epidemia-e-evita-pico-de-casos","status":"publish","type":"post","link":"https:\/\/diarioregionaldigital.com.br\/?p=163110","title":{"rendered":"Minas vem mantendo controle da epidemia e evita pico de casos"},"content":{"rendered":"<p>O secret\u00e1rio de Estado de\u00a0Sa\u00fade\u00a0de Minas Gerais, Carlos Eduardo Amaral, e o secret\u00e1rio adjunto de\u00a0Desenvolvimento Econ\u00f4mico, Fernando Passalio, participaram nesta quinta-feira (25\/6) da coletiva virtual sobre o enfrentamento ao coronav\u00edrus em Minas.\u00a0Carlos Eduardo Amaral destacou que\u00a0as a\u00e7\u00f5es implementadas pelo\u00a0Governo do Estado\u00a0desde o in\u00edcio da pandemia, juntamente com a conscientiza\u00e7\u00e3o da popula\u00e7\u00e3o, tem permitido que Minas consiga evitar, at\u00e9 o momento, o pico da doen\u00e7a, ou seja, uma explos\u00e3o de casos.<\/p>\n<p>Conforme o gestor, \u00e9 fundamental que todos, inclusive a imprensa e a sociedade, entendam que \u00e9 o momento de aumentar o isolamento. \u201cEssa amplia\u00e7\u00e3o do isolamento \u00e9 a fun\u00e7\u00e3o e obriga\u00e7\u00e3o de cada cidad\u00e3o &#8211; e n\u00e3o somente do governo e prefeituras. Cada pessoa tem que entender que se tivermos o isolamento adequado, efetivamente, n\u00e3o teremos o pico\u201d, refor\u00e7a.<\/p>\n<p>Ainda de acordo com o secret\u00e1rio, desde o in\u00edcio de mar\u00e7o, j\u00e1 foram realizadas in\u00fameras a\u00e7\u00f5es do Estado nas \u00e1reas de comunica\u00e7\u00e3o, estrutura\u00e7\u00e3o da rede, disponibiliza\u00e7\u00e3o financeira, mobiliza\u00e7\u00e3o, compra de equipamentos, treinamento e contrata\u00e7\u00e3o de pessoas, parcerias com v\u00e1rias empresas privadas, telemedicina, amplia\u00e7\u00e3o da capacidade de testagem e abertura de leitos.<\/p>\n<p>\u201cPassados esses tr\u00eas meses, n\u00e3o tivemos uma explos\u00e3o da epidemia, como ocorreu em alguns pa\u00edses e estados. Temos conseguido controlar e evitar esse pico at\u00e9 agora e, com certeza, isso ajudou a salvar vidas. Agora, momento em que est\u00e1\u00a0subindo o n\u00famero de casos, precisamos contar com a popula\u00e7\u00e3o e retornar para um isolamento mais intenso.\u00a0Estamos trabalhando in\u00fameras horas, sete dias por semana, e esses esfor\u00e7os ser\u00e3o mantidos para que tenhamos bons resultados e\u00a0Minas Gerais fique\u00a0bem\u201d, refor\u00e7a.<\/p>\n<p>Amaral chamou a aten\u00e7\u00e3o para a import\u00e2ncia da vacina\u00e7\u00e3o contra a gripe, que termina na pr\u00f3xima ter\u00e7a-feira (30\/6), e tamb\u00e9m da imuniza\u00e7\u00e3o contra o sarampo, que\u00a0ser\u00e1 estendida at\u00e9 o dia 30\/8 e \u00e9 direcionada ao p\u00fablico de 20 a 49 anos. Al\u00e9m disso, anunciou o in\u00edcio do projeto\u00a0Medicamento\u00a0em Casa\u00a0no munic\u00edpio de Pouso Alegre.<\/p>\n<p><strong>Mais transpar\u00eancia<\/strong><\/p>\n<p>Com o intuito de trazer mais transpar\u00eancia aos dados divulgados pela secretaria, o site institucional foi modificado e atualizado. \u201cO site est\u00e1 mais intuitivo e f\u00e1cil navega\u00e7\u00e3o. Todas essas modifica\u00e7\u00f5es fazem parte de um esfor\u00e7o de transpar\u00eancia e comunica\u00e7\u00e3o que a SES-MG tem feito com muita regularidade\u201d, disse Carlos Eduardo Amaral.<\/p>\n<p>Em rela\u00e7\u00e3o ao Hospital de Campanha, o secret\u00e1rio informou\u00a0que est\u00e1 em processo de contrata\u00e7\u00e3o a organiza\u00e7\u00e3o social que ir\u00e1 administrar a unidade e refor\u00e7ou a amplia\u00e7\u00e3o de leitos em institui\u00e7\u00f5es hospitalares j\u00e1 existentes.<\/p>\n<p>\u201cHospital de Campanha \u00e9 uma reserva t\u00e9cnica para que, se em algum momento, entendermos que est\u00e1 aumentando o risco de descontrolar a epidemia, iremos utiliz\u00e1-lo. \u00c9 fundamental que todos entendam que temos um planejamento e ele inclui a ativa\u00e7\u00e3o dos setores da sa\u00fade, dentro de um plano de conting\u00eancia. Estamos focados, neste momento, na amplia\u00e7\u00e3o de leitos em unidades j\u00e1 existentes\u201d, esclarece.<\/p>\n<p>Ainda\u00a0segundo Amaral, j\u00e1 foram abertos aproximadamente 1\u00a0mil leitos de UTI em todo estado. Tamb\u00e9m ser\u00e3o abertos leitos em hospitais da\u00a0Funda\u00e7\u00e3o Hospitalar do Estado de\u00a0Minas Gerais (Fhemig). No Hospital Galba Veloso, por exemplo, ser\u00e3o instalados 200 novos leitos de enfermaria. \u201cAl\u00e9m disso, as prefeituras est\u00e3o recrutando unidades dentro de seus planejamentos. Para o interior do estado, estamos enviando mais de 140 respiradores para abertura de unidades de terapia intensiva, ou seja, estamos fazendo uma amplia\u00e7\u00e3o do contingente de leitos\u201d, enumera.<\/p>\n<p><strong>Estrutura\u00e7\u00e3o regional<\/strong><\/p>\n<p>Amaral refor\u00e7ou que o Estado est\u00e1 acompanhando o que est\u00e1 acontecendo no interior, identificando as dificuldades e tomando as medidas corretivas, estruturadas pelos planos de conting\u00eancia. \u201cDe forma geral, o Estado est\u00e1 socorrendo e est\u00e1 muito atento \u00e0s regi\u00f5es. Caso haja alguma necessidade de assist\u00eancia imediata, ela entrar\u00e1 em nosso sistema de regula\u00e7\u00e3o e, se for fundamental a transfer\u00eancia de pacientes, faremos para uma regi\u00e3o que tenha leitos dispon\u00edveis\u201d, explica.<\/p>\n<p>A SES-MG vai contar com o apoio da\u00a0Pol\u00edcia Militar de Minas Gerais\u00a0na orienta\u00e7\u00e3o da popula\u00e7\u00e3o em rela\u00e7\u00e3o \u00e0s a\u00e7\u00f5es de preven\u00e7\u00e3o. \u201cUm apoio mais ostensivo da PM \u00e0s nossas medidas de isolamento, neste momento, ser\u00e1 muito importante. Os militares em servi\u00e7o dar\u00e3o instru\u00e7\u00f5es sobre uso das m\u00e1scaras, aglomera\u00e7\u00f5es e forma\u00e7\u00f5es de filas de forma adequada. Al\u00e9m disso, a PM tem a fun\u00e7\u00e3o de acompanhar e dar apoio \u00e0 fiscaliza\u00e7\u00e3o municipal\u201d, disse Carlos Eduardo Amaral.<\/p>\n<p><strong>Minas Consciente<\/strong><\/p>\n<p>Segundo o secret\u00e1rio adjunto de Desenvolvimento Econ\u00f4mico, Fernando Passalio, j\u00e1 s\u00e3o 157 munic\u00edpios aderidos e 3,7 milh\u00f5es pessoas impactadas pelos protocolos do\u00a0Minas Consciente. Todas as regi\u00f5es do estado contam com munic\u00edpios que aderiram ao plano. As regi\u00f5es que possuem mais munic\u00edpios aderidos s\u00e3o: Sudeste (com 48 munic\u00edpios), Centro-Sul (36 munic\u00edpios), Centro (20 munic\u00edpios) e Noroeste (14 munic\u00edpios aderidos ao programa). \u201cA tend\u00eancia \u00e9 que esse n\u00famero cres\u00e7a e que tenhamos cada vez mais representatividade do Minas Consciente no estado\u201d, disse.<\/p>\n<p>A partir de s\u00e1bado (27\/6), conforme decis\u00e3o do Comit\u00ea Extraordin\u00e1rio Covid-19 publicada nesta quinta-feira (25\/6)\u00a0no\u00a0Di\u00e1rio Oficial Minas Gerais, a macrorregi\u00e3o Leste do Sul, que conta com dez munic\u00edpios, volta para a onda branca e a Centro-Sul, que conta com 36 munic\u00edpios aderidos ao plano, volta para onda verde.<\/p>\n<p>\u201c\u00c0 medida que os dados epidemiol\u00f3gicos forem piorando e a situa\u00e7\u00e3o for se agravando, \u00e9 desej\u00e1vel que as ondas do plano tamb\u00e9m tenham o movimento de avan\u00e7o e de regresso. Por mais que estejamos empenhados em preservar a economia, em preservar os empregos, precisamos tamb\u00e9m preservar vidas\u201d, disse Passalio.<\/p>\n<p>Hoje, na onda verde est\u00e3o as macrorregi\u00f5es Centro-Sul, Centro, Jequitinhonha, Leste, Nordeste, Noroeste, Oeste, Sudeste, Tri\u00e2ngulo Norte, Tri\u00e2ngulo Sul e Vale do A\u00e7o. Na onda branca\u00a0est\u00e3o as macrorregi\u00f5es Leste do Sul, Norte e Sul<\/p>\n<p><strong>Fonte:\u00a0<\/strong>Ag\u00eancia Minas<\/p>\n","protected":false},"excerpt":{"rendered":"<p>O secret\u00e1rio de Estado de\u00a0Sa\u00fade\u00a0de Minas Gerais, Carlos Eduardo Amaral, e o secret\u00e1rio adjunto de\u00a0Desenvolvimento Econ\u00f4mico, Fernando Passalio, participaram nesta quinta-feira (25\/6) da coletiva virtual sobre o enfrentamento ao coronav\u00edrus em Minas.\u00a0Carlos Eduardo Amaral destacou que\u00a0as a\u00e7\u00f5es implementadas pelo\u00a0Governo do Estado\u00a0desde o in\u00edcio da pandemia, juntamente com a conscientiza\u00e7\u00e3o da popula\u00e7\u00e3o, tem permitido que Minas [&hellip;]<\/p>\n","protected":false},"author":96,"featured_media":162339,"comment_status":"closed","ping_status":"closed","sticky":false,"template":"","format":"standard","meta":{"footnotes":""},"categories":[436,254,439],"tags":[],"class_list":["post-163110","post","type-post","status-publish","format-standard","has-post-thumbnail","hentry","category-destaque-da-semana","category-politica","category-ultima-hora"],"_links":{"self":[{"href":"https:\/\/diarioregionaldigital.com.br\/index.php?rest_route=\/wp\/v2\/posts\/163110","targetHints":{"allow":["GET"]}}],"collection":[{"href":"https:\/\/diarioregionaldigital.com.br\/index.php?rest_route=\/wp\/v2\/posts"}],"about":[{"href":"https:\/\/diarioregionaldigital.com.br\/index.php?rest_route=\/wp\/v2\/types\/post"}],"author":[{"embeddable":true,"href":"https:\/\/diarioregionaldigital.com.br\/index.php?rest_route=\/wp\/v2\/users\/96"}],"replies":[{"embeddable":true,"href":"https:\/\/diarioregionaldigital.com.br\/index.php?rest_route=%2Fwp%2Fv2%2Fcomments&post=163110"}],"version-history":[{"count":0,"href":"https:\/\/diarioregionaldigital.com.br\/index.php?rest_route=\/wp\/v2\/posts\/163110\/revisions"}],"wp:featuredmedia":[{"embeddable":true,"href":"https:\/\/diarioregionaldigital.com.br\/index.php?rest_route=\/wp\/v2\/media\/162339"}],"wp:attachment":[{"href":"https:\/\/diarioregionaldigital.com.br\/index.php?rest_route=%2Fwp%2Fv2%2Fmedia&parent=163110"}],"wp:term":[{"taxonomy":"category","embeddable":true,"href":"https:\/\/diarioregionaldigital.com.br\/index.php?rest_route=%2Fwp%2Fv2%2Fcategories&post=163110"},{"taxonomy":"post_tag","embeddable":true,"href":"https:\/\/diarioregionaldigital.com.br\/index.php?rest_route=%2Fwp%2Fv2%2Ftags&post=163110"}],"curies":[{"name":"wp","href":"https:\/\/api.w.org\/{rel}","templated":true}]}}