{"id":163104,"date":"2020-06-25T18:07:00","date_gmt":"2020-06-25T21:07:00","guid":{"rendered":"https:\/\/diarioregionaldigital.com.br\/?p=163104"},"modified":"2020-06-25T18:07:00","modified_gmt":"2020-06-25T21:07:00","slug":"plataforma-da-ufjf-indica-aumento-de-166-dos-casos-confirmados-por-coronavirus-no-municipio","status":"publish","type":"post","link":"https:\/\/diarioregionaldigital.com.br\/?p=163104","title":{"rendered":"Plataforma da UFJF indica aumento de 166% dos casos confirmados por Coronav\u00edrus no munic\u00edpio"},"content":{"rendered":"<p>A plataforma \u201cJF Salvando Todos\u201d, desenvolvido por pesquisadores da Universidade Federal de Juiz de Fora (UFJF), indica que os casos confirmados por Coronav\u00edrus, de domingo (14) at\u00e9 o \u00faltimo s\u00e1bado (20), no munic\u00edpio, tiveram aumento de 166% em rela\u00e7\u00e3o aos dados da semana anterior. O per\u00edodo analisado foi marcado pelo maior registro de novos casos na cidade.<\/p>\n<p>Conforme a an\u00e1lise feita, a taxa de letalidade em Juiz de Fora caiu de 5,43% para 3,66%. Al\u00e9m disso, os pesquisadores destacam que a maior concentra\u00e7\u00e3o de diagn\u00f3sticos positivos est\u00e1 nos pacientes que t\u00eam entre 20 e 49 anos, e entre todos os diagnosticados, 18,6% responderam possuir algum tipo de comorbidade. J\u00e1 a taxa de \u00f3bito \u00e9 maior entre as pessoas com mais de 60 anos, sendo que a maioria das mortes confirmadas s\u00e3o do sexo feminino (52%).<\/p>\n<p><strong>Zona da Mata<\/strong><\/p>\n<p><strong>\u00a0<\/strong>Desde o in\u00edcio da epidemia em mar\u00e7o, a regi\u00e3o da Zona da Mata apresenta a maior quantidade de casos confirmados no estado de Minas Gerais, ficando atr\u00e1s apenas da mesorregi\u00e3o metropolitana de Belo Horizonte. A microrregi\u00e3o de Juiz de Fora lidera os n\u00fameros seguida da de Muria\u00e9, com 52 e 30 \u00f3bitos respectivamente, registrados at\u00e9 essa quinta-feira (25).<\/p>\n<p><strong>Epidemia pelo Brasil<\/strong><\/p>\n<p><strong>\u00a0<\/strong>O relat\u00f3rio diz que os casos confirmados em solo brasileiro, podem duplicar dentro do per\u00edodo de 22 dias. Segundo dados do Minist\u00e9rio da Sa\u00fade, o pa\u00eds j\u00e1 passou da marca de 1,14 milh\u00e3o de casos confirmados.<\/p>\n<p>&nbsp;<\/p>\n<p>&nbsp;<\/p>\n","protected":false},"excerpt":{"rendered":"<p>A plataforma \u201cJF Salvando Todos\u201d, desenvolvido por pesquisadores da Universidade Federal de Juiz de Fora (UFJF), indica que os casos confirmados por Coronav\u00edrus, de domingo (14) at\u00e9 o \u00faltimo s\u00e1bado (20), no munic\u00edpio, tiveram aumento de 166% em rela\u00e7\u00e3o aos dados da semana anterior. O per\u00edodo analisado foi marcado pelo maior registro de novos casos [&hellip;]<\/p>\n","protected":false},"author":96,"featured_media":163105,"comment_status":"closed","ping_status":"closed","sticky":false,"template":"","format":"standard","meta":{"footnotes":""},"categories":[253,436,440,439],"tags":[],"class_list":["post-163104","post","type-post","status-publish","format-standard","has-post-thumbnail","hentry","category-cidade","category-destaque-da-semana","category-destaques-do-dia","category-ultima-hora"],"_links":{"self":[{"href":"https:\/\/diarioregionaldigital.com.br\/index.php?rest_route=\/wp\/v2\/posts\/163104","targetHints":{"allow":["GET"]}}],"collection":[{"href":"https:\/\/diarioregionaldigital.com.br\/index.php?rest_route=\/wp\/v2\/posts"}],"about":[{"href":"https:\/\/diarioregionaldigital.com.br\/index.php?rest_route=\/wp\/v2\/types\/post"}],"author":[{"embeddable":true,"href":"https:\/\/diarioregionaldigital.com.br\/index.php?rest_route=\/wp\/v2\/users\/96"}],"replies":[{"embeddable":true,"href":"https:\/\/diarioregionaldigital.com.br\/index.php?rest_route=%2Fwp%2Fv2%2Fcomments&post=163104"}],"version-history":[{"count":0,"href":"https:\/\/diarioregionaldigital.com.br\/index.php?rest_route=\/wp\/v2\/posts\/163104\/revisions"}],"wp:featuredmedia":[{"embeddable":true,"href":"https:\/\/diarioregionaldigital.com.br\/index.php?rest_route=\/wp\/v2\/media\/163105"}],"wp:attachment":[{"href":"https:\/\/diarioregionaldigital.com.br\/index.php?rest_route=%2Fwp%2Fv2%2Fmedia&parent=163104"}],"wp:term":[{"taxonomy":"category","embeddable":true,"href":"https:\/\/diarioregionaldigital.com.br\/index.php?rest_route=%2Fwp%2Fv2%2Fcategories&post=163104"},{"taxonomy":"post_tag","embeddable":true,"href":"https:\/\/diarioregionaldigital.com.br\/index.php?rest_route=%2Fwp%2Fv2%2Ftags&post=163104"}],"curies":[{"name":"wp","href":"https:\/\/api.w.org\/{rel}","templated":true}]}}