{"id":163099,"date":"2020-06-25T17:03:23","date_gmt":"2020-06-25T20:03:23","guid":{"rendered":"https:\/\/diarioregionaldigital.com.br\/?p=163099"},"modified":"2020-06-25T17:03:23","modified_gmt":"2020-06-25T20:03:23","slug":"policia-militar-intensifica-fiscalizacao-sobre-uso-de-mascaras-em-juiz-de-fora","status":"publish","type":"post","link":"https:\/\/diarioregionaldigital.com.br\/?p=163099","title":{"rendered":"Pol\u00edcia Militar intensifica fiscaliza\u00e7\u00e3o sobre uso de m\u00e1scaras em Juiz de Fora"},"content":{"rendered":"<p><span style=\"font-weight: 400;\">A Pol\u00edcia Militar (PM), iniciou nessa quinta-feira (25), a intensifica\u00e7\u00e3o da fiscaliza\u00e7\u00e3o sobre uso de m\u00e1scaras pelas ruas de Juiz de Fora. Essa medida j\u00e1 estava em vigor, no entanto, o Governo do Estado de Minas Gerais pediu para intensificar a fiscaliza\u00e7\u00e3o, caso ocorra agravamento da pandemia do Coronav\u00edrus.\u00a0<\/span><\/p>\n<p><span style=\"font-weight: 400;\">O procedimento da opera\u00e7\u00e3o ser\u00e1 feito inicialmente com abordagens de cunho preventivo e educativo. O objetivo da fiscaliza\u00e7\u00e3o, \u00e9 orientar aos cidad\u00e3os sobre a import\u00e2ncia da utiliza\u00e7\u00e3o da m\u00e1scara e de permanecer com o material, durante o momento em que as pessoas estiverem transitando pelas ruas da cidade.<\/span><\/p>\n<p><span style=\"font-weight: 400;\">Se houver necessidade, a abordagem policial ser\u00e1 registrada. Al\u00e9m disso, as viaturas policiais far\u00e3o transmiss\u00e3o de \u00e1udios para conscientizar sobre o uso de m\u00e1scaras e da preven\u00e7\u00e3o ao Coronav\u00edrus.\u00a0<\/span><\/p>\n<p>&nbsp;<\/p>\n","protected":false},"excerpt":{"rendered":"<p>A Pol\u00edcia Militar (PM), iniciou nessa quinta-feira (25), a intensifica\u00e7\u00e3o da fiscaliza\u00e7\u00e3o sobre uso de m\u00e1scaras pelas ruas de Juiz de Fora. Essa medida j\u00e1 estava em vigor, no entanto, o Governo do Estado de Minas Gerais pediu para intensificar a fiscaliza\u00e7\u00e3o, caso ocorra agravamento da pandemia do Coronav\u00edrus.\u00a0 O procedimento da opera\u00e7\u00e3o ser\u00e1 feito [&hellip;]<\/p>\n","protected":false},"author":96,"featured_media":163100,"comment_status":"closed","ping_status":"closed","sticky":false,"template":"","format":"standard","meta":{"footnotes":""},"categories":[301,436,439],"tags":[],"class_list":["post-163099","post","type-post","status-publish","format-standard","has-post-thumbnail","hentry","category-artigos-policiais","category-destaque-da-semana","category-ultima-hora"],"_links":{"self":[{"href":"https:\/\/diarioregionaldigital.com.br\/index.php?rest_route=\/wp\/v2\/posts\/163099","targetHints":{"allow":["GET"]}}],"collection":[{"href":"https:\/\/diarioregionaldigital.com.br\/index.php?rest_route=\/wp\/v2\/posts"}],"about":[{"href":"https:\/\/diarioregionaldigital.com.br\/index.php?rest_route=\/wp\/v2\/types\/post"}],"author":[{"embeddable":true,"href":"https:\/\/diarioregionaldigital.com.br\/index.php?rest_route=\/wp\/v2\/users\/96"}],"replies":[{"embeddable":true,"href":"https:\/\/diarioregionaldigital.com.br\/index.php?rest_route=%2Fwp%2Fv2%2Fcomments&post=163099"}],"version-history":[{"count":0,"href":"https:\/\/diarioregionaldigital.com.br\/index.php?rest_route=\/wp\/v2\/posts\/163099\/revisions"}],"wp:featuredmedia":[{"embeddable":true,"href":"https:\/\/diarioregionaldigital.com.br\/index.php?rest_route=\/wp\/v2\/media\/163100"}],"wp:attachment":[{"href":"https:\/\/diarioregionaldigital.com.br\/index.php?rest_route=%2Fwp%2Fv2%2Fmedia&parent=163099"}],"wp:term":[{"taxonomy":"category","embeddable":true,"href":"https:\/\/diarioregionaldigital.com.br\/index.php?rest_route=%2Fwp%2Fv2%2Fcategories&post=163099"},{"taxonomy":"post_tag","embeddable":true,"href":"https:\/\/diarioregionaldigital.com.br\/index.php?rest_route=%2Fwp%2Fv2%2Ftags&post=163099"}],"curies":[{"name":"wp","href":"https:\/\/api.w.org\/{rel}","templated":true}]}}