{"id":163093,"date":"2020-06-25T16:03:21","date_gmt":"2020-06-25T19:03:21","guid":{"rendered":"https:\/\/diarioregionaldigital.com.br\/?p=163093"},"modified":"2020-06-25T16:03:21","modified_gmt":"2020-06-25T19:03:21","slug":"taxa-de-ocupacao-de-leitos-em-utis-de-juiz-de-fora-chega-a-85","status":"publish","type":"post","link":"https:\/\/diarioregionaldigital.com.br\/?p=163093","title":{"rendered":"Taxa de ocupa\u00e7\u00e3o de leitos em UTIs de Juiz de Fora chega a 85%"},"content":{"rendered":"<p>Em transmiss\u00e3o ao vivo (live), realizada pelas redes sociais nesta quinta-feira, 25, o prefeito Ant\u00f4nio Almas informou que a taxa de ocupa\u00e7\u00e3o de leitos nas unidades de terapia intensiva (UTI) do Sistema \u00danico de Sa\u00fade (SUS) chegou agora a 85,71%. Na segunda feira, 22, esse \u00edndice foi ainda maior, chegando a 88%. Em virtude disso, o prefeito enfatizou a import\u00e2ncia do isolamento social ser cumprido, para que n\u00e3o haja colapso no sistema de sa\u00fade. Outro assunto explicado \u00e9 que as medidas para enfrentamento, inclusive econ\u00f4micas e sanit\u00e1rias, n\u00e3o s\u00e3o locais, pois, devido ao pacto federativo, Bras\u00edlia \u00e9 o centro da arrecada\u00e7\u00e3o dos recursos, portanto, exercendo papel fundamental no combate \u00e0 pandemia.<\/p>\n<p>Ant\u00f4nio Almas falou tamb\u00e9m sobre tema que est\u00e1 em alta nas redes sociais essa semana: o lockdown. Inclusive com fakenews, dizendo que j\u00e1 estaria na mesa do prefeito essa inten\u00e7\u00e3o. Na reuni\u00e3o realizada na \u00faltima ter\u00e7a-feira, 23, com o Comit\u00ea de Enfrentamento ao Coronav\u00edrus, n\u00e3o foi definido o lockdown, que, a princ\u00edpio, tem que ser decretado pelo estado. De acordo com o programa \u201cMinas Consciente\u201d, quando a taxa de ocupa\u00e7\u00e3o nas UTIs \u00e9 inferior a 78% pode ser feito o avan\u00e7o de \u201conda\u201d, caso os outros dados analisados indiquem isso. Quando a ocupa\u00e7\u00e3o est\u00e1 entre 78 e 90% deve-se ficar em estado de alerta, e caso ultrapasse, h\u00e1 possibilidade de retrocesso, o que, no caso de Juiz de Fora, seria o lockdown. &#8220;A cidade aderiu ao \u2018Minas Consciente\u2019, para que as decis\u00f5es fossem tomadas em conjunto. Afinal, n\u00e3o basta s\u00f3 a cidade tomar atitude radical, como o lockdown, e o entorno n\u00e3o. Ao contr\u00e1rio do que o governador falou ontem, n\u00e3o cabe a cada prefeito, individualmente, avan\u00e7ar ou retroceder na \u2018onda\u2019. Como diz no programa do estado, essa decis\u00e3o deve ser discutida de forma micro e macrorregional&#8221;, enfatizou Almas.<\/p>\n<p>O programa do Governo de Minas setoriza as atividades econ\u00f4micas em quatro \u201condas\u201d (verde, branca, amarela e vermelha), a serem, ainda segundo o texto do programa, \u201cliberadas para funcionamento de forma progressiva, conforme indicadores de capacidade assistencial e de propaga\u00e7\u00e3o da doen\u00e7a, avaliando o cen\u00e1rio de cada regi\u00e3o do estado e a taxa de evolu\u00e7\u00e3o da covid-19\u201d.<\/p>\n<p>Nesta quinta-feira, 25, \u00e0s 18 horas, o Comit\u00ea de Enfrentamento ao Coronav\u00edrus em Juiz de Fora volta a se reunir, para analisar a situa\u00e7\u00e3o da regi\u00e3o e discutir poss\u00edveis medidas a serem tomadas. Ainda de acordo com os dados divulgados, a cidade teve 655 casos suspeitos e 215 confirmados nessa semana. Conforme estudos da Universidade Federal de Juiz de Fora, h\u00e1 tend\u00eancia de o maior n\u00famero de casos suspeitos e confirmados, desde o in\u00edcio da pandemia, ser registrado no s\u00e1bado, 27. E no final de semana do dia 4 de julho a situa\u00e7\u00e3o poder\u00e1 ser ainda pior. Os n\u00fameros mostram, ainda, que, em um m\u00eas, a taxa de ocupa\u00e7\u00e3o de UTIs dobrou, e no inverno h\u00e1 aumento de patologias que precisam desses leitos, como infarto, acidente vascular cerebral (AVC) e infec\u00e7\u00f5es respirat\u00f3rias, o que aumenta o risco de colapsar o sistema de sa\u00fade.<\/p>\n<p>Ant\u00f4nio Almas refor\u00e7ou, mais uma vez, a import\u00e2ncia de o isolamento social ser cumprido, pois n\u00e3o basta a Prefeitura ter aumentado em 50% os leitos de UTIs \u2013 e estar buscando amplia-lo ainda mais, comprar equipamentos e tomar atitudes necess\u00e1rias, se, individualmente, cada um n\u00e3o fizer sua parte: &#8220;A taxa de transmiss\u00e3o est\u00e1 em 1,13, quando o ideal \u00e9 ficar abaixo de um. Isso aumenta o nosso risco de cont\u00e1gio. Precisamos ganhar tempo, para o sistema n\u00e3o entrar em colapso, e isso a gente s\u00f3 consegue com o isolamento social. Cada um de n\u00f3s precisa fazer sua parte&#8221;. O prefeito n\u00e3o descarta a possibilidade de endurecer as medidas de enfrentamento \u00e0 pandemia.<\/p>\n<p><strong>Fonte:<\/strong> Assessoria<\/p>\n","protected":false},"excerpt":{"rendered":"<p>Em transmiss\u00e3o ao vivo (live), realizada pelas redes sociais nesta quinta-feira, 25, o prefeito Ant\u00f4nio Almas informou que a taxa de ocupa\u00e7\u00e3o de leitos nas unidades de terapia intensiva (UTI) do Sistema \u00danico de Sa\u00fade (SUS) chegou agora a 85,71%. Na segunda feira, 22, esse \u00edndice foi ainda maior, chegando a 88%. Em virtude disso, [&hellip;]<\/p>\n","protected":false},"author":96,"featured_media":163094,"comment_status":"closed","ping_status":"closed","sticky":false,"template":"","format":"standard","meta":{"footnotes":""},"categories":[253,436,440,439],"tags":[],"class_list":["post-163093","post","type-post","status-publish","format-standard","has-post-thumbnail","hentry","category-cidade","category-destaque-da-semana","category-destaques-do-dia","category-ultima-hora"],"_links":{"self":[{"href":"https:\/\/diarioregionaldigital.com.br\/index.php?rest_route=\/wp\/v2\/posts\/163093","targetHints":{"allow":["GET"]}}],"collection":[{"href":"https:\/\/diarioregionaldigital.com.br\/index.php?rest_route=\/wp\/v2\/posts"}],"about":[{"href":"https:\/\/diarioregionaldigital.com.br\/index.php?rest_route=\/wp\/v2\/types\/post"}],"author":[{"embeddable":true,"href":"https:\/\/diarioregionaldigital.com.br\/index.php?rest_route=\/wp\/v2\/users\/96"}],"replies":[{"embeddable":true,"href":"https:\/\/diarioregionaldigital.com.br\/index.php?rest_route=%2Fwp%2Fv2%2Fcomments&post=163093"}],"version-history":[{"count":0,"href":"https:\/\/diarioregionaldigital.com.br\/index.php?rest_route=\/wp\/v2\/posts\/163093\/revisions"}],"wp:featuredmedia":[{"embeddable":true,"href":"https:\/\/diarioregionaldigital.com.br\/index.php?rest_route=\/wp\/v2\/media\/163094"}],"wp:attachment":[{"href":"https:\/\/diarioregionaldigital.com.br\/index.php?rest_route=%2Fwp%2Fv2%2Fmedia&parent=163093"}],"wp:term":[{"taxonomy":"category","embeddable":true,"href":"https:\/\/diarioregionaldigital.com.br\/index.php?rest_route=%2Fwp%2Fv2%2Fcategories&post=163093"},{"taxonomy":"post_tag","embeddable":true,"href":"https:\/\/diarioregionaldigital.com.br\/index.php?rest_route=%2Fwp%2Fv2%2Ftags&post=163093"}],"curies":[{"name":"wp","href":"https:\/\/api.w.org\/{rel}","templated":true}]}}