{"id":163017,"date":"2020-06-24T20:45:51","date_gmt":"2020-06-24T23:45:51","guid":{"rendered":"https:\/\/diarioregionaldigital.com.br\/?p=163017"},"modified":"2020-06-24T20:45:51","modified_gmt":"2020-06-24T23:45:51","slug":"brasil-registra-1-185-obitos-por-covid-19-nas-ultimas-24-horas","status":"publish","type":"post","link":"https:\/\/diarioregionaldigital.com.br\/?p=163017","title":{"rendered":"Brasil registra 1.185 \u00f3bitos por covid-19 nas \u00faltimas 24 horas"},"content":{"rendered":"<p>De acordo com o Minist\u00e9rio da Sa\u00fade, nas \u00faltimas 24 horas, o Brasil registrou 1.185 novos \u00f3bitos por covid-19 e elevou o total de mortes para 53.830. A atualiza\u00e7\u00e3o di\u00e1ria traz um aumento de 2,2% no n\u00famero de \u00f3bitos em rela\u00e7\u00e3o a\u00a0ontem (23), quando o total estava em 52.645.<img decoding=\"async\" src=\"https:\/\/agenciabrasil.ebc.com.br\/ebc.png?id=1310212&amp;o=node\" \/><\/p>\n<p>Na detec\u00e7\u00e3o de novos casos da doen\u00e7a, foram 42.725 novos diagn\u00f3sticos confirmados totalizando 1.188.631. O acr\u00e9scimo de pessoas infectadas marcou uma varia\u00e7\u00e3o de 3,7% sobre o n\u00famero de ontem, quando constava o total de 1.145.906 de pessoas infectadas.<\/p>\n<p>Do total, 484.893 est\u00e3o em observa\u00e7\u00e3o, 649.908 foram recuperados e 3.904 mortes est\u00e3o em investiga\u00e7\u00e3o.<\/p>\n<p>Os estados com maior n\u00famero de \u00f3bitos s\u00e3o S\u00e3o Paulo (13.352), Rio\u00a0de Janeiro\u00a0(9.295), Cear\u00e1 (5.815), Par\u00e1 (4.726) e Pernambuco (4.425). Ainda figuram entres os com altos \u00edndices de v\u00edtimas fatais em fun\u00e7\u00e3o da pandemia Amazonas (2.710), Maranh\u00e3o (1.836), Bahia (1.541), Esp\u00edrito Santo (1.463), Alagoas (938) e Para\u00edba (828).<\/p>\n<p>Os estados com mais casos confirmados da doen\u00e7a s\u00e3o S\u00e3o Paulo (238.822), Rio\u00a0de Janeiro\u00a0(103.493), Cear\u00e1 (99.578), Par\u00e1 (91.708) e Maranh\u00e3o (73.314).<\/p>\n<p><strong>Semanas epidemiol\u00f3gicas<\/strong><\/p>\n<p>Na an\u00e1lise por semanas epidemiol\u00f3gicas, o Brasil chegou a\u00a0ter\u00a0uma redu\u00e7\u00e3o entre a 23\u00aa, com 7.096 mortes, para a 24\u00aa, quando foram registrados 6.790 \u00f3bitos em fun\u00e7\u00e3o da doen\u00e7a. Mas desta para a 25\u00aa semana epidemiol\u00f3gica, a \u00faltima, o total voltou a subir, para 7.256, atingindo seu maior patamar desde o in\u00edcio da contabiliza\u00e7\u00e3o.<\/p>\n<p>A m\u00e9dia de casos confirmados tamb\u00e9m aumentou nesta \u00faltima semana epidemiol\u00f3gica, saindo de 25.381 na 24\u00aa\u00a0semana para 31.009 na 25\u00aa\u00a0semana.<\/p>\n<p><strong>Interioriza\u00e7\u00e3o<\/strong><\/p>\n<p>A preval\u00eancia dos casos se inverteu. At\u00e9 pouco mais de um m\u00eas atr\u00e1s, havia mais casos nas capitais do que no interior. H\u00e1 cerca de um m\u00eas, esta rela\u00e7\u00e3o se equiparou e desde ent\u00e3o as cidades do interior passaram a ser o principal local de registro, com 60% das pessoas infectadas identificadas.<\/p>\n<p>J\u00e1 em rela\u00e7\u00e3o \u00e0s mortes, a ocorr\u00eancia maior nas capitais, que chegou a representar 65%, caiu gradativamente at\u00e9 emparelhar em metade dos registros na semana epidemiol\u00f3gica 25, enquanto a outra metade foi oriunda de cidades do interior.<\/p>\n<p><strong>Compara\u00e7\u00e3o mundial<\/strong><\/p>\n<p>O Brasil \u00e9 o 2\u00ba\u00a0colocado em n\u00famero de mortes e de casos confirmados, atr\u00e1s apenas dos Estados Unidos (que possui 2,3 milh\u00f5es de casos e 121,2 mil \u00f3bitos). Mas na incid\u00eancia por milh\u00e3o de habitantes, quando \u00e9 considerada a popula\u00e7\u00e3o dos pa\u00edses, o Brasil cai para a 13\u00aa posi\u00e7\u00e3o. No\u00a0<em>ranking<\/em>\u00a0de mortalidade, quando o n\u00famero de mortes \u00e9 avaliado proporcionalmente ao total de pessoas de cada na\u00e7\u00e3o, o Brasil fica na 10\u00aa\u00a0posi\u00e7\u00e3o.<\/p>\n<p><strong>SRAG<\/strong><\/p>\n<p>As hospitaliza\u00e7\u00f5es por S\u00edndrome Respirat\u00f3ria Aguda Grave (SRAG), neste ano, totalizaram 299.693. Destas, 128.539 foram em fun\u00e7\u00e3o da covid-19 e outras 68.210 ainda est\u00e3o em investiga\u00e7\u00e3o. Ou seja, podem ou n\u00e3o vir a ser casos de infec\u00e7\u00e3o pelo novo coronav\u00edrus.<\/p>\n<p>Em rela\u00e7\u00e3o ao perfil dessas pessoas internadas, 50% possu\u00edam mais do que 60 anos e 43% eram mulheres, enquanto 57% eram homens. No recorte por ra\u00e7a e cor deste contingente, 30,9% eram pardos, 27,7% eram brancos, 4,6% eram pretos, 1% era\u00a0amarelo, 0,3% era\u00a0ind\u00edgena\u00a0e 35,5% n\u00e3o tiveram essa caracter\u00edstica notificada.<\/p>\n<p>J\u00e1 quando consideradas as mortes, 71% tinham acima de 60 anos e 41% eram mulheres, enquanto 59% eram homens. Na distribui\u00e7\u00e3o por ra\u00e7a e cor, 35,4% eram pardos, 24,1% eram brancos, 4,8% eram pretos, 1% era\u00a0amarelo, 0,4% era\u00a0ind\u00edgena\u00a0e outros 34,3% n\u00e3o foram objeto desta marca\u00e7\u00e3o.<\/p>\n<p><strong>Fonte:\u00a0<\/strong>Ag\u00eancia Brasil<\/p>\n","protected":false},"excerpt":{"rendered":"<p>De acordo com o Minist\u00e9rio da Sa\u00fade, nas \u00faltimas 24 horas, o Brasil registrou 1.185 novos \u00f3bitos por covid-19 e elevou o total de mortes para 53.830. A atualiza\u00e7\u00e3o di\u00e1ria traz um aumento de 2,2% no n\u00famero de \u00f3bitos em rela\u00e7\u00e3o a\u00a0ontem (23), quando o total estava em 52.645. Na detec\u00e7\u00e3o de novos casos da [&hellip;]<\/p>\n","protected":false},"author":96,"featured_media":163018,"comment_status":"closed","ping_status":"closed","sticky":false,"template":"","format":"standard","meta":{"footnotes":""},"categories":[302,436,440,439],"tags":[],"class_list":["post-163017","post","type-post","status-publish","format-standard","has-post-thumbnail","hentry","category-brasil-mundo","category-destaque-da-semana","category-destaques-do-dia","category-ultima-hora"],"_links":{"self":[{"href":"https:\/\/diarioregionaldigital.com.br\/index.php?rest_route=\/wp\/v2\/posts\/163017","targetHints":{"allow":["GET"]}}],"collection":[{"href":"https:\/\/diarioregionaldigital.com.br\/index.php?rest_route=\/wp\/v2\/posts"}],"about":[{"href":"https:\/\/diarioregionaldigital.com.br\/index.php?rest_route=\/wp\/v2\/types\/post"}],"author":[{"embeddable":true,"href":"https:\/\/diarioregionaldigital.com.br\/index.php?rest_route=\/wp\/v2\/users\/96"}],"replies":[{"embeddable":true,"href":"https:\/\/diarioregionaldigital.com.br\/index.php?rest_route=%2Fwp%2Fv2%2Fcomments&post=163017"}],"version-history":[{"count":0,"href":"https:\/\/diarioregionaldigital.com.br\/index.php?rest_route=\/wp\/v2\/posts\/163017\/revisions"}],"wp:featuredmedia":[{"embeddable":true,"href":"https:\/\/diarioregionaldigital.com.br\/index.php?rest_route=\/wp\/v2\/media\/163018"}],"wp:attachment":[{"href":"https:\/\/diarioregionaldigital.com.br\/index.php?rest_route=%2Fwp%2Fv2%2Fmedia&parent=163017"}],"wp:term":[{"taxonomy":"category","embeddable":true,"href":"https:\/\/diarioregionaldigital.com.br\/index.php?rest_route=%2Fwp%2Fv2%2Fcategories&post=163017"},{"taxonomy":"post_tag","embeddable":true,"href":"https:\/\/diarioregionaldigital.com.br\/index.php?rest_route=%2Fwp%2Fv2%2Ftags&post=163017"}],"curies":[{"name":"wp","href":"https:\/\/api.w.org\/{rel}","templated":true}]}}