{"id":163014,"date":"2020-06-24T18:54:29","date_gmt":"2020-06-24T21:54:29","guid":{"rendered":"https:\/\/diarioregionaldigital.com.br\/?p=163014"},"modified":"2020-06-24T18:54:29","modified_gmt":"2020-06-24T21:54:29","slug":"operacao-da-pm-resulta-em-apreensao-de-drogas-em-sao-joao-nepomuceno","status":"publish","type":"post","link":"https:\/\/diarioregionaldigital.com.br\/?p=163014","title":{"rendered":"Opera\u00e7\u00e3o da PM resulta em apreens\u00e3o de drogas em S\u00e3o Jo\u00e3o Nepomuceno"},"content":{"rendered":"<p>A Pol\u00edcia Militar (PM), realizou uma opera\u00e7\u00e3o de combate ao tr\u00e1fico de drogas, que resultou na pris\u00e3o de tr\u00eas autores e apreens\u00e3o de drogas em S\u00e3o Jo\u00e3o Nepomuceno. Ao realizar a abordagem, os policiais avistaram os indiv\u00edduos que tentaram fugir do local, mas foram capturados. Ap\u00f3s buscas pelo local, foi encontrada uma sacola contendo <span style=\"font-weight: 400;\">127 pedras de crack, <\/span><span style=\"font-weight: 400;\">41 pinos de coca\u00edna, <\/span><span style=\"font-weight: 400;\">86 buchas de maconha, uma<\/span><span style=\"font-weight: 400;\"> barra grande de maconha, <\/span><span style=\"font-weight: 400;\">5 barras pequenas de maconha, uma<\/span><span style=\"font-weight: 400;\"> barra m\u00e9dia de maconha, <\/span><span style=\"font-weight: 400;\">uma por\u00e7\u00e3o de coca\u00edna, <\/span><span style=\"font-weight: 400;\">uma balan\u00e7a de precis\u00e3o e <\/span><span style=\"font-weight: 400;\">71 pinos vazios. <\/span>Os materiais foram apreendidos e os autores foram presos em flagrante.<\/p>\n<p>&nbsp;<\/p>\n<p>&nbsp;<\/p>\n","protected":false},"excerpt":{"rendered":"<p>A Pol\u00edcia Militar (PM), realizou uma opera\u00e7\u00e3o de combate ao tr\u00e1fico de drogas, que resultou na pris\u00e3o de tr\u00eas autores e apreens\u00e3o de drogas em S\u00e3o Jo\u00e3o Nepomuceno. Ao realizar a abordagem, os policiais avistaram os indiv\u00edduos que tentaram fugir do local, mas foram capturados. Ap\u00f3s buscas pelo local, foi encontrada uma sacola contendo 127 [&hellip;]<\/p>\n","protected":false},"author":96,"featured_media":163015,"comment_status":"closed","ping_status":"closed","sticky":false,"template":"","format":"standard","meta":{"footnotes":""},"categories":[301,436,439],"tags":[],"class_list":["post-163014","post","type-post","status-publish","format-standard","has-post-thumbnail","hentry","category-artigos-policiais","category-destaque-da-semana","category-ultima-hora"],"_links":{"self":[{"href":"https:\/\/diarioregionaldigital.com.br\/index.php?rest_route=\/wp\/v2\/posts\/163014","targetHints":{"allow":["GET"]}}],"collection":[{"href":"https:\/\/diarioregionaldigital.com.br\/index.php?rest_route=\/wp\/v2\/posts"}],"about":[{"href":"https:\/\/diarioregionaldigital.com.br\/index.php?rest_route=\/wp\/v2\/types\/post"}],"author":[{"embeddable":true,"href":"https:\/\/diarioregionaldigital.com.br\/index.php?rest_route=\/wp\/v2\/users\/96"}],"replies":[{"embeddable":true,"href":"https:\/\/diarioregionaldigital.com.br\/index.php?rest_route=%2Fwp%2Fv2%2Fcomments&post=163014"}],"version-history":[{"count":0,"href":"https:\/\/diarioregionaldigital.com.br\/index.php?rest_route=\/wp\/v2\/posts\/163014\/revisions"}],"wp:featuredmedia":[{"embeddable":true,"href":"https:\/\/diarioregionaldigital.com.br\/index.php?rest_route=\/wp\/v2\/media\/163015"}],"wp:attachment":[{"href":"https:\/\/diarioregionaldigital.com.br\/index.php?rest_route=%2Fwp%2Fv2%2Fmedia&parent=163014"}],"wp:term":[{"taxonomy":"category","embeddable":true,"href":"https:\/\/diarioregionaldigital.com.br\/index.php?rest_route=%2Fwp%2Fv2%2Fcategories&post=163014"},{"taxonomy":"post_tag","embeddable":true,"href":"https:\/\/diarioregionaldigital.com.br\/index.php?rest_route=%2Fwp%2Fv2%2Ftags&post=163014"}],"curies":[{"name":"wp","href":"https:\/\/api.w.org\/{rel}","templated":true}]}}