{"id":163011,"date":"2020-06-24T18:47:56","date_gmt":"2020-06-24T21:47:56","guid":{"rendered":"https:\/\/diarioregionaldigital.com.br\/?p=163011"},"modified":"2020-06-24T18:47:56","modified_gmt":"2020-06-24T21:47:56","slug":"caminhao-tomba-proximo-a-oliveira-fortes-e-deixa-uma-pessoa-morta","status":"publish","type":"post","link":"https:\/\/diarioregionaldigital.com.br\/?p=163011","title":{"rendered":"Caminh\u00e3o tomba pr\u00f3ximo a Oliveira Fortes e deixa uma pessoa morta"},"content":{"rendered":"<p>Um caminh\u00e3o com placas de S\u00e3o Louren\u00e7o, caiu no Km 729 na BR-040, pr\u00f3ximo a Oliveira Fortes. O acidente vitimou um homem de 41 anos e fazia o trajeto Caranda\u00ed\/Baependi. O corpo foi retirado do local pelo Instituto M\u00e9dico Legal (IML).<\/p>\n","protected":false},"excerpt":{"rendered":"<p>Um caminh\u00e3o com placas de S\u00e3o Louren\u00e7o, caiu no Km 729 na BR-040, pr\u00f3ximo a Oliveira Fortes. O acidente vitimou um homem de 41 anos e fazia o trajeto Caranda\u00ed\/Baependi. O corpo foi retirado do local pelo Instituto M\u00e9dico Legal (IML).<\/p>\n","protected":false},"author":96,"featured_media":163012,"comment_status":"closed","ping_status":"closed","sticky":false,"template":"","format":"standard","meta":{"footnotes":""},"categories":[436,252,439],"tags":[],"class_list":["post-163011","post","type-post","status-publish","format-standard","has-post-thumbnail","hentry","category-destaque-da-semana","category-regiao","category-ultima-hora"],"_links":{"self":[{"href":"https:\/\/diarioregionaldigital.com.br\/index.php?rest_route=\/wp\/v2\/posts\/163011","targetHints":{"allow":["GET"]}}],"collection":[{"href":"https:\/\/diarioregionaldigital.com.br\/index.php?rest_route=\/wp\/v2\/posts"}],"about":[{"href":"https:\/\/diarioregionaldigital.com.br\/index.php?rest_route=\/wp\/v2\/types\/post"}],"author":[{"embeddable":true,"href":"https:\/\/diarioregionaldigital.com.br\/index.php?rest_route=\/wp\/v2\/users\/96"}],"replies":[{"embeddable":true,"href":"https:\/\/diarioregionaldigital.com.br\/index.php?rest_route=%2Fwp%2Fv2%2Fcomments&post=163011"}],"version-history":[{"count":0,"href":"https:\/\/diarioregionaldigital.com.br\/index.php?rest_route=\/wp\/v2\/posts\/163011\/revisions"}],"wp:featuredmedia":[{"embeddable":true,"href":"https:\/\/diarioregionaldigital.com.br\/index.php?rest_route=\/wp\/v2\/media\/163012"}],"wp:attachment":[{"href":"https:\/\/diarioregionaldigital.com.br\/index.php?rest_route=%2Fwp%2Fv2%2Fmedia&parent=163011"}],"wp:term":[{"taxonomy":"category","embeddable":true,"href":"https:\/\/diarioregionaldigital.com.br\/index.php?rest_route=%2Fwp%2Fv2%2Fcategories&post=163011"},{"taxonomy":"post_tag","embeddable":true,"href":"https:\/\/diarioregionaldigital.com.br\/index.php?rest_route=%2Fwp%2Fv2%2Ftags&post=163011"}],"curies":[{"name":"wp","href":"https:\/\/api.w.org\/{rel}","templated":true}]}}