{"id":163005,"date":"2020-06-24T18:11:52","date_gmt":"2020-06-24T21:11:52","guid":{"rendered":"https:\/\/diarioregionaldigital.com.br\/?p=163005"},"modified":"2020-06-24T18:11:52","modified_gmt":"2020-06-24T21:11:52","slug":"policia-militar-vai-orientar-populacao-sobre-importancia-de-medidas-preventivas-contra-o-coronavirus","status":"publish","type":"post","link":"https:\/\/diarioregionaldigital.com.br\/?p=163005","title":{"rendered":"Pol\u00edcia Militar vai orientar popula\u00e7\u00e3o sobre import\u00e2ncia de medidas preventivas contra o coronav\u00edrus"},"content":{"rendered":"<p>A\u00a0Pol\u00edcia Militar de Minas Gerais\u00a0iniciar\u00e1, nesta quinta-feira (25\/6), a abordagem de pessoas que n\u00e3o estiverem seguindo as recomenda\u00e7\u00f5es de preven\u00e7\u00e3o ao coronav\u00edrus, como o uso de m\u00e1scara e o distanciamento social. A medida foi anunciada pelo governador Romeu Zema nesta quarta-feira (25\/6), em pronunciamento transmitido ao vivo pelas redes sociais.<\/p>\n<p>O objetivo \u00e9 conscientizar a popula\u00e7\u00e3o sobre a import\u00e2ncia de redobrar os cuidados e se proteger, para conter o avan\u00e7o da pandemia no Estado. O governador Romeu Zema ressaltou que a a\u00e7\u00e3o faz parte do esfor\u00e7o da gest\u00e3o estadual para preservar a sa\u00fade dos mineiros.<\/p>\n<p>\u201cA Pol\u00edcia Militar n\u00e3o vai prender ningu\u00e9m, n\u00e3o vai multar. Mas vai passar a proceder de uma maneira diferente nos 853 munic\u00edpios, orientando a popula\u00e7\u00e3o e pedindo, principalmente, o uso constante e correto da m\u00e1scara, que passar\u00e1 a ser obrigat\u00f3ria\u201d, explicou.<\/p>\n<p>O comandante-geral da PMMG, coronel Rodrigo Sousa Rodrigues, disse que a orienta\u00e7\u00e3o aos militares \u00e9 que acompanhem e conscientizem os mineiros que ainda n\u00e3o estiverem seguindo as medidas de seguran\u00e7a.<\/p>\n<p>\u201cN\u00f3s teremos a fun\u00e7\u00e3o de orientar para fazer com que as pessoas despertem a consci\u00eancia. A parte de fiscaliza\u00e7\u00e3o ficar\u00e1 a cargo de cada munic\u00edpio. A PM, como j\u00e1 vem fazendo, entrar\u00e1 com um suporte. \u00c9 uma guerra, \u00e9 um combate, e precisamos estar conscientes. A a\u00e7\u00e3o de cada pessoa \u00e9 o que vai garantir o resultado final. O nosso objetivo principal \u00e9 preservar vidas\u201d, disse Rodrigues.<\/p>\n<p><strong>Fonte:<\/strong> Ag\u00eancia Minas<\/p>\n","protected":false},"excerpt":{"rendered":"<p>A\u00a0Pol\u00edcia Militar de Minas Gerais\u00a0iniciar\u00e1, nesta quinta-feira (25\/6), a abordagem de pessoas que n\u00e3o estiverem seguindo as recomenda\u00e7\u00f5es de preven\u00e7\u00e3o ao coronav\u00edrus, como o uso de m\u00e1scara e o distanciamento social. A medida foi anunciada pelo governador Romeu Zema nesta quarta-feira (25\/6), em pronunciamento transmitido ao vivo pelas redes sociais. O objetivo \u00e9 conscientizar a [&hellip;]<\/p>\n","protected":false},"author":96,"featured_media":163006,"comment_status":"closed","ping_status":"closed","sticky":false,"template":"","format":"standard","meta":{"footnotes":""},"categories":[436,440,254,439],"tags":[],"class_list":["post-163005","post","type-post","status-publish","format-standard","has-post-thumbnail","hentry","category-destaque-da-semana","category-destaques-do-dia","category-politica","category-ultima-hora"],"_links":{"self":[{"href":"https:\/\/diarioregionaldigital.com.br\/index.php?rest_route=\/wp\/v2\/posts\/163005","targetHints":{"allow":["GET"]}}],"collection":[{"href":"https:\/\/diarioregionaldigital.com.br\/index.php?rest_route=\/wp\/v2\/posts"}],"about":[{"href":"https:\/\/diarioregionaldigital.com.br\/index.php?rest_route=\/wp\/v2\/types\/post"}],"author":[{"embeddable":true,"href":"https:\/\/diarioregionaldigital.com.br\/index.php?rest_route=\/wp\/v2\/users\/96"}],"replies":[{"embeddable":true,"href":"https:\/\/diarioregionaldigital.com.br\/index.php?rest_route=%2Fwp%2Fv2%2Fcomments&post=163005"}],"version-history":[{"count":0,"href":"https:\/\/diarioregionaldigital.com.br\/index.php?rest_route=\/wp\/v2\/posts\/163005\/revisions"}],"wp:featuredmedia":[{"embeddable":true,"href":"https:\/\/diarioregionaldigital.com.br\/index.php?rest_route=\/wp\/v2\/media\/163006"}],"wp:attachment":[{"href":"https:\/\/diarioregionaldigital.com.br\/index.php?rest_route=%2Fwp%2Fv2%2Fmedia&parent=163005"}],"wp:term":[{"taxonomy":"category","embeddable":true,"href":"https:\/\/diarioregionaldigital.com.br\/index.php?rest_route=%2Fwp%2Fv2%2Fcategories&post=163005"},{"taxonomy":"post_tag","embeddable":true,"href":"https:\/\/diarioregionaldigital.com.br\/index.php?rest_route=%2Fwp%2Fv2%2Ftags&post=163005"}],"curies":[{"name":"wp","href":"https:\/\/api.w.org\/{rel}","templated":true}]}}