{"id":163002,"date":"2020-06-24T18:04:41","date_gmt":"2020-06-24T21:04:41","guid":{"rendered":"https:\/\/diarioregionaldigital.com.br\/?p=163002"},"modified":"2020-06-24T18:04:41","modified_gmt":"2020-06-24T21:04:41","slug":"mirante-da-br-040-sera-parcialmente-interditado","status":"publish","type":"post","link":"https:\/\/diarioregionaldigital.com.br\/?p=163002","title":{"rendered":"Mirante da BR-040 ser\u00e1 parcialmente interditado"},"content":{"rendered":"<p>A partir do pr\u00f3ximo s\u00e1bado, 27, o Mirante da BR-040 ser\u00e1 parcialmente interditado, e ser\u00e1 permitido apenas o acesso ao restaurante. A decis\u00e3o foi tomada em reuni\u00e3o realizada nesta quarta-feira, 24, na sede da Prefeitura de Juiz de Fora (PJF), com a presen\u00e7a de representantes das secretarias municipais de Meio Ambiente e Ordenamento Urbano (Semaur), Desenvolvimento Econ\u00f4mico, Turismo e Agropecu\u00e1ria (Sedeta), Transporte e Tr\u00e2nsito (Settra), Seguran\u00e7a Urbana e Cidadania (Sesuc), atrav\u00e9s da Guarda Municipal, Ag\u00eancia Nacional de Transportes Terrestres (ANTT), Companhia de Concess\u00e3o Rodovi\u00e1ria Juiz de Fora-Rio de Janeiro (Concer) e Cervejaria Escola Mirante e a participa\u00e7\u00e3o da Pol\u00edcia Rodovi\u00e1ria Federal (PRF).<\/p>\n<p>A medida est\u00e1 amparada na Lei Federal 13.979, de fevereiro de 2020, que \u201cdisp\u00f5e sobre as medidas para enfrentamento da emerg\u00eancia de sa\u00fade p\u00fablica de import\u00e2ncia internacional, decorrente do coronav\u00edrus\u201d, e no plano \u201cMinas Consciente\u201d, do Governo do estado, que classifica \u201catividades de recrea\u00e7\u00e3o e lazer\u201d e \u201cligadas ao patrim\u00f4nio cultural e ambiental\u201d na \u201conda roxa\u201d. Ao mesmo tempo, \u00e9 autorizado o funcionamento do restaurante sediado no espa\u00e7o, classificado na \u201conda verde\u201d, seguindo os protocolos sanit\u00e1rios estabelecidos.<\/p>\n<p>J\u00e1 no pr\u00f3ximo final de semana haver\u00e1 a\u00e7\u00e3o articulada entre as diversas for\u00e7as de seguran\u00e7a e fiscaliza\u00e7\u00e3o \u2013 Semaur, Guarda Municipal, Settra e PRF \u2013 a fim de coibir e informar sobre os novos procedimentos adotados, enquanto persistir o atual quadro da pandemia.<\/p>\n<p>Nas \u00faltimas semanas j\u00e1 havia sido estabelecido o fechamento do local, diariamente, das 22 \u00e0s 6 horas. O estacionamento tamb\u00e9m teve o n\u00famero de vagas limitado, e agora, continuar\u00e1 funcionando dentro dos novos limites estabelecidos, de, aproximadamente, 40 vagas.<\/p>\n<p>Estiveram presentes na reuni\u00e3o a gerente do Departamento de Fiscaliza\u00e7\u00e3o Ambiental e Urbana, Graciela Vergara; o assessor da Sedeta, Marcos Henrique Miranda; o supervisor de Assessoramento \u00e0 Atividade Tur\u00edstica e presidente do Circuito Tur\u00edstico Caminho Novo, M\u00e1rio Willian de Faria; o gerente de Fiscaliza\u00e7\u00e3o da Settra, Paulo Peron; a comandante da Guarda Municipal, Emilce de Castro; o gerente de opera\u00e7\u00f5es da Concer, Rodrigo Gonzalez; o especialista em regula\u00e7\u00f5es da ANTT, Nilson Gonze; e Giancarlo Vitale e Fabr\u00edcio Costa, da Cervejaria Escola Mirante.<\/p>\n<p><strong>Fonte:<\/strong> Assessoria<\/p>\n","protected":false},"excerpt":{"rendered":"<p>A partir do pr\u00f3ximo s\u00e1bado, 27, o Mirante da BR-040 ser\u00e1 parcialmente interditado, e ser\u00e1 permitido apenas o acesso ao restaurante. A decis\u00e3o foi tomada em reuni\u00e3o realizada nesta quarta-feira, 24, na sede da Prefeitura de Juiz de Fora (PJF), com a presen\u00e7a de representantes das secretarias municipais de Meio Ambiente e Ordenamento Urbano (Semaur), [&hellip;]<\/p>\n","protected":false},"author":96,"featured_media":163003,"comment_status":"closed","ping_status":"closed","sticky":false,"template":"","format":"standard","meta":{"footnotes":""},"categories":[253,436,439],"tags":[],"class_list":["post-163002","post","type-post","status-publish","format-standard","has-post-thumbnail","hentry","category-cidade","category-destaque-da-semana","category-ultima-hora"],"_links":{"self":[{"href":"https:\/\/diarioregionaldigital.com.br\/index.php?rest_route=\/wp\/v2\/posts\/163002","targetHints":{"allow":["GET"]}}],"collection":[{"href":"https:\/\/diarioregionaldigital.com.br\/index.php?rest_route=\/wp\/v2\/posts"}],"about":[{"href":"https:\/\/diarioregionaldigital.com.br\/index.php?rest_route=\/wp\/v2\/types\/post"}],"author":[{"embeddable":true,"href":"https:\/\/diarioregionaldigital.com.br\/index.php?rest_route=\/wp\/v2\/users\/96"}],"replies":[{"embeddable":true,"href":"https:\/\/diarioregionaldigital.com.br\/index.php?rest_route=%2Fwp%2Fv2%2Fcomments&post=163002"}],"version-history":[{"count":0,"href":"https:\/\/diarioregionaldigital.com.br\/index.php?rest_route=\/wp\/v2\/posts\/163002\/revisions"}],"wp:featuredmedia":[{"embeddable":true,"href":"https:\/\/diarioregionaldigital.com.br\/index.php?rest_route=\/wp\/v2\/media\/163003"}],"wp:attachment":[{"href":"https:\/\/diarioregionaldigital.com.br\/index.php?rest_route=%2Fwp%2Fv2%2Fmedia&parent=163002"}],"wp:term":[{"taxonomy":"category","embeddable":true,"href":"https:\/\/diarioregionaldigital.com.br\/index.php?rest_route=%2Fwp%2Fv2%2Fcategories&post=163002"},{"taxonomy":"post_tag","embeddable":true,"href":"https:\/\/diarioregionaldigital.com.br\/index.php?rest_route=%2Fwp%2Fv2%2Ftags&post=163002"}],"curies":[{"name":"wp","href":"https:\/\/api.w.org\/{rel}","templated":true}]}}