{"id":163000,"date":"2020-06-24T17:41:49","date_gmt":"2020-06-24T20:41:49","guid":{"rendered":"https:\/\/diarioregionaldigital.com.br\/?p=163000"},"modified":"2020-06-24T17:41:49","modified_gmt":"2020-06-24T20:41:49","slug":"camara-suspende-expediente-presencial-e-processo-legislativo-tramita-de-forma-remota","status":"publish","type":"post","link":"https:\/\/diarioregionaldigital.com.br\/?p=163000","title":{"rendered":"C\u00e2mara suspende expediente presencial e processo legislativo tramita de forma remota"},"content":{"rendered":"<p>Em Ato publicado no dia 22 de junho, a C\u00e2mara suspendeu o expediente presencial at\u00e9 a pr\u00f3xima sexta-feira, 26, podendo prorrogar o per\u00edodo. No decorrer da suspens\u00e3o, as reuni\u00f5es poder\u00e3o ser virtuais, utilizando os meios tecnol\u00f3gicos dispon\u00edveis, o que dispensa a presen\u00e7a f\u00edsica dos vereadores em Plen\u00e1rio. Com a medida o processo legislativo e as atividades administrativas seguem tramitando de forma remota, pelo Sistema de Envio de Documentos (SED), de acordo com o Sistema de Acompanhamento Legislativo Eletr\u00f4nico (e-SAL), observando-se as regras procedimentais e prazos do Regimento Interno da C\u00e2mara Municipal.<\/p>\n<p>As medidas foram adotadas ap\u00f3s diagn\u00f3stico de COVID-19 do vereador Sargento Mello Casal (PTB), obtido COVID em 18 de junho. Tendo comunicado o fato \u00e0 Casa Legislativa, esta tomou provid\u00eancias para desinfec\u00e7\u00e3o do Pal\u00e1cio Barbosa Lima conforme normas da Vigil\u00e2ncia Sanit\u00e1ria. O vereador informou nesta quarta-feira, em nota, que continua em isolamento social e n\u00e3o apresenta nenhum sintoma. Todos os seus assessores foram submetidos a exames e dois deles tamb\u00e9m tiveram resultado positivo para a doen\u00e7a, estando ambos em isolamento domiciliar sem apresentar sintomas. Demais servidores da C\u00e2mara ser\u00e3o submetidos a testes caso apresentem sintomas.<\/p>\n<p><strong>Fonte:\u00a0<\/strong>Assessoria<\/p>\n","protected":false},"excerpt":{"rendered":"<p>Em Ato publicado no dia 22 de junho, a C\u00e2mara suspendeu o expediente presencial at\u00e9 a pr\u00f3xima sexta-feira, 26, podendo prorrogar o per\u00edodo. No decorrer da suspens\u00e3o, as reuni\u00f5es poder\u00e3o ser virtuais, utilizando os meios tecnol\u00f3gicos dispon\u00edveis, o que dispensa a presen\u00e7a f\u00edsica dos vereadores em Plen\u00e1rio. Com a medida o processo legislativo e as [&hellip;]<\/p>\n","protected":false},"author":96,"featured_media":162591,"comment_status":"closed","ping_status":"closed","sticky":false,"template":"","format":"standard","meta":{"footnotes":""},"categories":[436,254,439],"tags":[],"class_list":["post-163000","post","type-post","status-publish","format-standard","has-post-thumbnail","hentry","category-destaque-da-semana","category-politica","category-ultima-hora"],"_links":{"self":[{"href":"https:\/\/diarioregionaldigital.com.br\/index.php?rest_route=\/wp\/v2\/posts\/163000","targetHints":{"allow":["GET"]}}],"collection":[{"href":"https:\/\/diarioregionaldigital.com.br\/index.php?rest_route=\/wp\/v2\/posts"}],"about":[{"href":"https:\/\/diarioregionaldigital.com.br\/index.php?rest_route=\/wp\/v2\/types\/post"}],"author":[{"embeddable":true,"href":"https:\/\/diarioregionaldigital.com.br\/index.php?rest_route=\/wp\/v2\/users\/96"}],"replies":[{"embeddable":true,"href":"https:\/\/diarioregionaldigital.com.br\/index.php?rest_route=%2Fwp%2Fv2%2Fcomments&post=163000"}],"version-history":[{"count":0,"href":"https:\/\/diarioregionaldigital.com.br\/index.php?rest_route=\/wp\/v2\/posts\/163000\/revisions"}],"wp:featuredmedia":[{"embeddable":true,"href":"https:\/\/diarioregionaldigital.com.br\/index.php?rest_route=\/wp\/v2\/media\/162591"}],"wp:attachment":[{"href":"https:\/\/diarioregionaldigital.com.br\/index.php?rest_route=%2Fwp%2Fv2%2Fmedia&parent=163000"}],"wp:term":[{"taxonomy":"category","embeddable":true,"href":"https:\/\/diarioregionaldigital.com.br\/index.php?rest_route=%2Fwp%2Fv2%2Fcategories&post=163000"},{"taxonomy":"post_tag","embeddable":true,"href":"https:\/\/diarioregionaldigital.com.br\/index.php?rest_route=%2Fwp%2Fv2%2Ftags&post=163000"}],"curies":[{"name":"wp","href":"https:\/\/api.w.org\/{rel}","templated":true}]}}