{"id":162997,"date":"2020-06-24T17:40:40","date_gmt":"2020-06-24T20:40:40","guid":{"rendered":"https:\/\/diarioregionaldigital.com.br\/?p=162997"},"modified":"2020-06-24T17:40:40","modified_gmt":"2020-06-24T20:40:40","slug":"procon-jf-lanca-whatsapp-exclusivo-para-denuncias-durante-pandemia","status":"publish","type":"post","link":"https:\/\/diarioregionaldigital.com.br\/?p=162997","title":{"rendered":"Procon\/JF lan\u00e7a whatsapp exclusivo para den\u00fancias durante pandemia"},"content":{"rendered":"<p>A Ag\u00eancia de Prote\u00e7\u00e3o e Defesa do Consumidor (Procon\/JF) disponibiliza a partir desta quarta-feira, 24, n\u00famero de celular destinado a receber informa\u00e7\u00f5es e den\u00fancias pelo aplicativo whatsapp: (32) 98463-2687. O atendimento ser\u00e1 de segunda a sexta-feira, das 8h30 \u00e0s 17h30.<\/p>\n<p>Devido ao isolamento social, o Procon\/JF tem ampliado seus canais de atendimento online, para que o consumidor tenha suas d\u00favidas sanadas de forma mais \u00e1gil e em seguran\u00e7a. Al\u00e9m do whatsapp, o Procon\/JF atende pelo instagram, facebook e telefones 3690-7610 e 3690-7611. Mas, para registrar reclama\u00e7\u00e3o, o \u00fanico canal que dever\u00e1 ser utilizado \u00e9 a plataforma\u00a0<a href=\"http:\/\/www.consumidor.gov.br\/\">www.consumidor.gov.br<\/a>, que garante o contato com o fornecedor.<\/p>\n<p>Aos que utilizarem whatsapp ou as redes sociais para fazer den\u00fancias ser\u00e1 necess\u00e1rio informar o estabelecimento, endere\u00e7o, produto e a irregularidade. N\u00e3o ser\u00e3o recebidas liga\u00e7\u00f5es pelo n\u00famero informado.<\/p>\n<p><strong>Fonte:\u00a0<\/strong>Assessoria<\/p>\n","protected":false},"excerpt":{"rendered":"<p>A Ag\u00eancia de Prote\u00e7\u00e3o e Defesa do Consumidor (Procon\/JF) disponibiliza a partir desta quarta-feira, 24, n\u00famero de celular destinado a receber informa\u00e7\u00f5es e den\u00fancias pelo aplicativo whatsapp: (32) 98463-2687. O atendimento ser\u00e1 de segunda a sexta-feira, das 8h30 \u00e0s 17h30. Devido ao isolamento social, o Procon\/JF tem ampliado seus canais de atendimento online, para que [&hellip;]<\/p>\n","protected":false},"author":96,"featured_media":162998,"comment_status":"closed","ping_status":"closed","sticky":false,"template":"","format":"standard","meta":{"footnotes":""},"categories":[253,436,439],"tags":[],"class_list":["post-162997","post","type-post","status-publish","format-standard","has-post-thumbnail","hentry","category-cidade","category-destaque-da-semana","category-ultima-hora"],"_links":{"self":[{"href":"https:\/\/diarioregionaldigital.com.br\/index.php?rest_route=\/wp\/v2\/posts\/162997","targetHints":{"allow":["GET"]}}],"collection":[{"href":"https:\/\/diarioregionaldigital.com.br\/index.php?rest_route=\/wp\/v2\/posts"}],"about":[{"href":"https:\/\/diarioregionaldigital.com.br\/index.php?rest_route=\/wp\/v2\/types\/post"}],"author":[{"embeddable":true,"href":"https:\/\/diarioregionaldigital.com.br\/index.php?rest_route=\/wp\/v2\/users\/96"}],"replies":[{"embeddable":true,"href":"https:\/\/diarioregionaldigital.com.br\/index.php?rest_route=%2Fwp%2Fv2%2Fcomments&post=162997"}],"version-history":[{"count":0,"href":"https:\/\/diarioregionaldigital.com.br\/index.php?rest_route=\/wp\/v2\/posts\/162997\/revisions"}],"wp:featuredmedia":[{"embeddable":true,"href":"https:\/\/diarioregionaldigital.com.br\/index.php?rest_route=\/wp\/v2\/media\/162998"}],"wp:attachment":[{"href":"https:\/\/diarioregionaldigital.com.br\/index.php?rest_route=%2Fwp%2Fv2%2Fmedia&parent=162997"}],"wp:term":[{"taxonomy":"category","embeddable":true,"href":"https:\/\/diarioregionaldigital.com.br\/index.php?rest_route=%2Fwp%2Fv2%2Fcategories&post=162997"},{"taxonomy":"post_tag","embeddable":true,"href":"https:\/\/diarioregionaldigital.com.br\/index.php?rest_route=%2Fwp%2Fv2%2Ftags&post=162997"}],"curies":[{"name":"wp","href":"https:\/\/api.w.org\/{rel}","templated":true}]}}