{"id":162994,"date":"2020-06-24T17:38:11","date_gmt":"2020-06-24T20:38:11","guid":{"rendered":"https:\/\/diarioregionaldigital.com.br\/?p=162994"},"modified":"2020-06-24T17:38:11","modified_gmt":"2020-06-24T20:38:11","slug":"esgotamento-da-capacidade-de-ampliacao-de-leitos-vem-sendo-adiado","status":"publish","type":"post","link":"https:\/\/diarioregionaldigital.com.br\/?p=162994","title":{"rendered":"Esgotamento da capacidade de amplia\u00e7\u00e3o de leitos vem sendo adiado"},"content":{"rendered":"<p>Em coletiva virtual nesta quarta-feira (24\/6), o secret\u00e1rio adjunto de Sa\u00fade\u00a0Marcelo Cabral lembrou que o Estado vem conseguindo adiar o\u00a0esgotamento da capacidade de amplia\u00e7\u00e3o de leitos na rede de Sa\u00fade. \u201cTemos conseguido ampliar essas unidades. O trabalho \u00e9 feito constantemente em rela\u00e7\u00e3o a essa amplia\u00e7\u00e3o nos hospitais\u201d, disse.<\/p>\n<p>Atualmente, est\u00e3o cadastrados no SUS f\u00e1cil e habilitados\u00a012.928 leitos cl\u00ednicos e outros 2.964 de UTI. A taxa de ocupa\u00e7\u00e3o geral na terapia intensiva est\u00e1 em 90,36% e, nos leitos cl\u00ednicos, em 74,57%.<\/p>\n<p>Cabral e o chefe de gabinete da Secretaria de Estado de Sa\u00fade (SES-MG)\u00a0Jo\u00e3o Pinho ressaltaram, novamente, que o distanciamento adequado segue como medida essencial para que haja menor transmiss\u00e3o do coronav\u00edrus.<\/p>\n<p>O estado registrou, no \u00faltimo boletim epidemiol\u00f3gico, o maior n\u00famero mortes pela doen\u00e7a em rela\u00e7\u00e3o ao documento anterior, com 51 \u00f3bitos confirmados. Cabral se solidarizou com os que perderam familiares nessa pandemia.\u00a0&#8220;\u00c9 algo que entristece a todos n\u00f3s. Nos solidarizamos com todos aqueles que perderam seus entes queridos e, em particular, com esses pais que perderam sua crian\u00e7a\u201d, declarou.<\/p>\n<p>No momento, Minas Gerais\u00a0contabiliza 31.343 casos confirmados, dos quais 12.317 est\u00e3o em acompanhamento, 18.255 s\u00e3o pacientes recuperados. Foram confirmados, ao todo, 771 \u00f3bitos at\u00e9 esta data.<\/p>\n<p><b>Di\u00e1logo permanente<\/b><\/p>\n<p>O secret\u00e1rio adjunto\u00a0ressaltou\u00a0o di\u00e1logo junto a prefeitos e secret\u00e1rios municipais de Sa\u00fade em busca de n\u00edveis adequados e padronizados de isolamento e distanciamento social.\u00a0Cabral ainda\u00a0mencionou que os protocolos em rela\u00e7\u00e3o \u00e0 ado\u00e7\u00e3o de lockdown passam por ajustes normativos e log\u00edsticos dentro da SES-MG, mas que a inten\u00e7\u00e3o \u00e9 que n\u00e3o seja necess\u00e1rio recorrer a medidas mais dr\u00e1sticas.<\/p>\n<p>O gestor tamb\u00e9m lembrou que,\u00a0sem a\u00e7\u00f5es, inclusive na esfera individual, os esfor\u00e7os para amplia\u00e7\u00e3o da rede de\u00a0Sa\u00fade n\u00e3o ser\u00e3o suficientes. \u201cNo contexto do plano Minas Consciente, na regi\u00e3o Noroeste, por exemplo, j\u00e1 houve movimento para tr\u00e1s, adotando-se a Onda Verde, que s\u00f3 permite servi\u00e7os essenciais, conforme o que foi verificado em indicadores\u201d, sinalizou.<\/p>\n<p><b>Telemedicina<\/b><\/p>\n<p>O chefe de\u00a0gabinete Jo\u00e3o Pinho destacou, entre as a\u00e7\u00f5es adotadas pelo Estado,\u00a0o aplicativo disponibilizado pelo\u00a0Governo de Minas Gerais, o\u00a0Sa\u00fade Digital MG.\u00a0A ferramenta permite que pessoas busquem orienta\u00e7\u00e3o em caso de sintomas caracter\u00edsticos.<\/p>\n<p>\u201cPara os casos leves, orientamos o uso do aplicativo. A pessoa responde um question\u00e1rio bem r\u00e1pido e posteriormente se faz uma triagem para identificar se a pessoa deve ou n\u00e3o buscar atendimento. O pr\u00f3prio mecanismo faz um agendamento on-line com m\u00e9dico da\u00a0Funda\u00e7\u00e3o Hospitalar do Estado de Minas Gerais (Fhemig)\u00a0e temos uma consulta gratuita \u00e0 disposi\u00e7\u00e3o. Estamos em per\u00edodo de inverno, com gripe e outros v\u00edrus respirat\u00f3rios, e pode haver d\u00favidas da pessoa sobre o que ela est\u00e1 sentindo\u201d, disse.<\/p>\n<p>Pinho lembrou que se os sintomas forem muito diferentes da covid-19, o aplicativo \u00e9 capaz de descartar a suspeita de infec\u00e7\u00e3o pelo coronav\u00edrus. Em caso, no entanto, de quadro similar \u00e0 doen\u00e7a, mas com menor intensidade, \u00e9 poss\u00edvel fazer uma consulta, on-line e em casa.<\/p>\n<p>\u201cPara aqueles que n\u00e3o t\u00eam o acesso facilitado a celulares ou internet, \u00e9 poss\u00edvel cadastrar tamb\u00e9m outra pessoa para atendimento, por exemplo, um neto que busca atendimento para o av\u00f4 ou av\u00f3, para um amigo, entre outras situa\u00e7\u00f5es\u201d, explicou. Na hip\u00f3tese de identifica\u00e7\u00e3o de uma situa\u00e7\u00e3o mais grave, complementou,\u00a0a pessoa tem indica\u00e7\u00e3o de procurar uma unidade de\u00a0Sa\u00fade.<\/p>\n<p><b>Transmiss\u00e3o<\/b><\/p>\n<p>Pinho ainda\u00a0apresentou como funcionam os\u00a0indicadores de transmiss\u00e3o da doen\u00e7a, o R0 e Rt. O R0 \u00e9 uma medida relacionada ao monitoramento ao longo da pandemia. J\u00e1 o Rt d\u00e1 uma ideia do grau de transmiss\u00e3o da doen\u00e7a no momento. Atualmente, esse \u00edndice em Minas \u00e9 de 1,04.<\/p>\n<p>\u201cQuando o indicador est\u00e1 abaixo de 1, ent\u00e3o temos uma transmiss\u00e3o mais branda. Entre 1 e 1,2, temos um ponto de aten\u00e7\u00e3o e\u00a0precisamos\u00a0executar o distanciamento. De maneira geral, estamos pr\u00f3ximos do limiar mais adequado. O dado deve ser acompanhado constantemente. Nesse patamar, conseguimos ter controle\u201d, finalizou.<\/p>\n<p><strong>Fonte:\u00a0<\/strong>Ag\u00eancia Minas<\/p>\n","protected":false},"excerpt":{"rendered":"<p>Em coletiva virtual nesta quarta-feira (24\/6), o secret\u00e1rio adjunto de Sa\u00fade\u00a0Marcelo Cabral lembrou que o Estado vem conseguindo adiar o\u00a0esgotamento da capacidade de amplia\u00e7\u00e3o de leitos na rede de Sa\u00fade. \u201cTemos conseguido ampliar essas unidades. O trabalho \u00e9 feito constantemente em rela\u00e7\u00e3o a essa amplia\u00e7\u00e3o nos hospitais\u201d, disse. Atualmente, est\u00e3o cadastrados no SUS f\u00e1cil e [&hellip;]<\/p>\n","protected":false},"author":96,"featured_media":162995,"comment_status":"closed","ping_status":"closed","sticky":false,"template":"","format":"standard","meta":{"footnotes":""},"categories":[436,254,439],"tags":[],"class_list":["post-162994","post","type-post","status-publish","format-standard","has-post-thumbnail","hentry","category-destaque-da-semana","category-politica","category-ultima-hora"],"_links":{"self":[{"href":"https:\/\/diarioregionaldigital.com.br\/index.php?rest_route=\/wp\/v2\/posts\/162994","targetHints":{"allow":["GET"]}}],"collection":[{"href":"https:\/\/diarioregionaldigital.com.br\/index.php?rest_route=\/wp\/v2\/posts"}],"about":[{"href":"https:\/\/diarioregionaldigital.com.br\/index.php?rest_route=\/wp\/v2\/types\/post"}],"author":[{"embeddable":true,"href":"https:\/\/diarioregionaldigital.com.br\/index.php?rest_route=\/wp\/v2\/users\/96"}],"replies":[{"embeddable":true,"href":"https:\/\/diarioregionaldigital.com.br\/index.php?rest_route=%2Fwp%2Fv2%2Fcomments&post=162994"}],"version-history":[{"count":0,"href":"https:\/\/diarioregionaldigital.com.br\/index.php?rest_route=\/wp\/v2\/posts\/162994\/revisions"}],"wp:featuredmedia":[{"embeddable":true,"href":"https:\/\/diarioregionaldigital.com.br\/index.php?rest_route=\/wp\/v2\/media\/162995"}],"wp:attachment":[{"href":"https:\/\/diarioregionaldigital.com.br\/index.php?rest_route=%2Fwp%2Fv2%2Fmedia&parent=162994"}],"wp:term":[{"taxonomy":"category","embeddable":true,"href":"https:\/\/diarioregionaldigital.com.br\/index.php?rest_route=%2Fwp%2Fv2%2Fcategories&post=162994"},{"taxonomy":"post_tag","embeddable":true,"href":"https:\/\/diarioregionaldigital.com.br\/index.php?rest_route=%2Fwp%2Fv2%2Ftags&post=162994"}],"curies":[{"name":"wp","href":"https:\/\/api.w.org\/{rel}","templated":true}]}}