{"id":162991,"date":"2020-06-24T17:33:12","date_gmt":"2020-06-24T20:33:12","guid":{"rendered":"https:\/\/diarioregionaldigital.com.br\/?p=162991"},"modified":"2020-06-24T17:33:12","modified_gmt":"2020-06-24T20:33:12","slug":"relatorio-da-equipe-de-pesquisa-da-ufjf-aponta-crescimento-no-numero-de-casos-confirmados-por-coronavirus","status":"publish","type":"post","link":"https:\/\/diarioregionaldigital.com.br\/?p=162991","title":{"rendered":"Relat\u00f3rio da equipe de pesquisa da UFJF aponta crescimento no n\u00famero de casos confirmados por Coronav\u00edrus"},"content":{"rendered":"<p><span style=\"font-weight: 400;\">O quinto relat\u00f3rio feito pelo grupo de modelagem epidemiol\u00f3gica do Covid-19, formado por grupo de pesquisadores da Universidade Federal de Juiz de Fora (UFJF), indica que todas as microrregi\u00f5es que constituem a macrorregi\u00e3o sudeste, continuam apresentando crescimento na curva referente ao n\u00famero de casos confirmados da doen\u00e7a.<\/span><\/p>\n<p><span style=\"font-weight: 400;\">Utilizando como base os dados de diversas fontes oficiais sobre a pandemia no munic\u00edpio de Juiz de Fora e na macrorregi\u00e3o Sudeste de Minas Gerais. Al\u00e9m disso, o grupo analisa e compara dados semelhantes do estado de Minas Gerais e do Brasil at\u00e9 o dia 20 de junho.\u00a0<\/span><\/p>\n<p><span style=\"font-weight: 400;\">Conforme a pesquisadora Isabel Leite, diz que em algumas regi\u00f5es, o total de casos confirmados tem sido acima da m\u00e9dia em Minas Gerais e no territ\u00f3rio brasileiro:<\/span><\/p>\n<p><span style=\"font-weight: 400;\">\u201cO destaque maior \u00e9 o crescimento de \u00f3bitos em Muria\u00e9, o que chamou bastante aten\u00e7\u00e3o nessa an\u00e1lise. Algumas regi\u00f5es, com rela\u00e7\u00e3o aos casos acumulados, t\u00eam comportamentos de crescimento acima do que foi visto para Minas Gerais e Brasil, isso inclui Muria\u00e9, Leopoldina, Cataguases e Ub\u00e1\u201d<\/span><\/p>\n<p><span style=\"font-weight: 400;\">Isabel reitera ainda que o n\u00famero reprodutivo efetivo, ou seja, quantos casos derivam de um contaminado \u2013 est\u00e1 acima de 1 para todas as microrregi\u00f5es:<\/span><\/p>\n<p><span style=\"font-weight: 400;\">\u201cIsso significa que a evolu\u00e7\u00e3o dos novos casos \u00e9 crescente. Uma pessoa contaminada \u00e9 capaz de contaminar mais de uma pessoa no fluxo do tempo\u201d.<\/span><\/p>\n<p><span style=\"font-weight: 400;\">O relat\u00f3rio aponta tamb\u00e9m que a taxa de isolamento social em Juiz de Fora continua em queda. Na \u00faltima semana, esta taxa estava abaixo dos 50%. Conforme a nota, mais de 70% dos casos se concentram entre indiv\u00edduos de 20 a 59 anos de idade, mas mais de 80% dos \u00f3bitos se concentram entre os acima de 60 anos.<\/span><\/p>\n<p><b>Previs\u00e3o para a taxa de ocupa\u00e7\u00e3o nos leitos de UTI e enfermaria<\/b><\/p>\n<p><span style=\"font-weight: 400;\">Diante do avan\u00e7o da epidemia pelo munic\u00edpio, a nota divulgada pelo grupo de pesquisa indica que a previs\u00e3o de ocupa\u00e7\u00e3o de leitos \u00e9 de aumento, podendo chegar em um pior cen\u00e1rio de 119 leitos de enfermaria e 86 de UTI ocupados no dia 4 de julho.<\/span><\/p>\n<p><span style=\"font-weight: 400;\">Segundo Isabela, as interna\u00e7\u00f5es nas unidades s\u00e3o referentes ao pico da S\u00edndrome Respirat\u00f3ria Urbana (SRA):<\/span><\/p>\n<p><span style=\"font-weight: 400;\">\u201cAs interna\u00e7\u00f5es por S\u00edndrome Respirat\u00f3ria Aguda (SRA), tiveram um pico no dia 19 de junho em todas as regi\u00f5es urbanas de Juiz de Fora. H\u00e1 a previs\u00e3o, obviamente de maior ocupa\u00e7\u00e3o de leitos, tanto de enfermaria quanto de UTI ao longo do tempo\u201d.<\/span><\/p>\n<p><span style=\"font-weight: 400;\">Os dados referentes \u00e0 S\u00edndrome Respirat\u00f3ria Aguda, s\u00e3o fornecidos pela Secretaria de Sa\u00fade (SS) da Prefeitura de Juiz de Fora (PJF). Foram analisadas 698 interna\u00e7\u00f5es ocorridas no munic\u00edpio entre 26 de fevereiro e 19 de junho, a maioria residente nas Regi\u00f5es Urbanas de Juiz de Fora. Houve predom\u00ednio do sexo masculino (51%) e idade m\u00e9dia de 58 anos.<\/span><\/p>\n","protected":false},"excerpt":{"rendered":"<p>O quinto relat\u00f3rio feito pelo grupo de modelagem epidemiol\u00f3gica do Covid-19, formado por grupo de pesquisadores da Universidade Federal de Juiz de Fora (UFJF), indica que todas as microrregi\u00f5es que constituem a macrorregi\u00e3o sudeste, continuam apresentando crescimento na curva referente ao n\u00famero de casos confirmados da doen\u00e7a. Utilizando como base os dados de diversas fontes [&hellip;]<\/p>\n","protected":false},"author":96,"featured_media":162992,"comment_status":"closed","ping_status":"closed","sticky":false,"template":"","format":"standard","meta":{"footnotes":""},"categories":[253,436,440,439],"tags":[],"class_list":["post-162991","post","type-post","status-publish","format-standard","has-post-thumbnail","hentry","category-cidade","category-destaque-da-semana","category-destaques-do-dia","category-ultima-hora"],"_links":{"self":[{"href":"https:\/\/diarioregionaldigital.com.br\/index.php?rest_route=\/wp\/v2\/posts\/162991","targetHints":{"allow":["GET"]}}],"collection":[{"href":"https:\/\/diarioregionaldigital.com.br\/index.php?rest_route=\/wp\/v2\/posts"}],"about":[{"href":"https:\/\/diarioregionaldigital.com.br\/index.php?rest_route=\/wp\/v2\/types\/post"}],"author":[{"embeddable":true,"href":"https:\/\/diarioregionaldigital.com.br\/index.php?rest_route=\/wp\/v2\/users\/96"}],"replies":[{"embeddable":true,"href":"https:\/\/diarioregionaldigital.com.br\/index.php?rest_route=%2Fwp%2Fv2%2Fcomments&post=162991"}],"version-history":[{"count":0,"href":"https:\/\/diarioregionaldigital.com.br\/index.php?rest_route=\/wp\/v2\/posts\/162991\/revisions"}],"wp:featuredmedia":[{"embeddable":true,"href":"https:\/\/diarioregionaldigital.com.br\/index.php?rest_route=\/wp\/v2\/media\/162992"}],"wp:attachment":[{"href":"https:\/\/diarioregionaldigital.com.br\/index.php?rest_route=%2Fwp%2Fv2%2Fmedia&parent=162991"}],"wp:term":[{"taxonomy":"category","embeddable":true,"href":"https:\/\/diarioregionaldigital.com.br\/index.php?rest_route=%2Fwp%2Fv2%2Fcategories&post=162991"},{"taxonomy":"post_tag","embeddable":true,"href":"https:\/\/diarioregionaldigital.com.br\/index.php?rest_route=%2Fwp%2Fv2%2Ftags&post=162991"}],"curies":[{"name":"wp","href":"https:\/\/api.w.org\/{rel}","templated":true}]}}