{"id":162912,"date":"2020-06-23T20:11:51","date_gmt":"2020-06-23T23:11:51","guid":{"rendered":"https:\/\/diarioregionaldigital.com.br\/?p=162912"},"modified":"2020-06-23T20:11:51","modified_gmt":"2020-06-23T23:11:51","slug":"covid-19-brasil-chega-a-526-mil-mortes-e-114-milhao-de-casos","status":"publish","type":"post","link":"https:\/\/diarioregionaldigital.com.br\/?p=162912","title":{"rendered":"Covid-19: Brasil chega a 52,6 mil mortes e 1,14 milh\u00e3o de casos"},"content":{"rendered":"<p>O Brasil teve 1.374 novas mortes por covid-19 registradas\u00a0nas \u00faltimas 24h, de acordo com atualiza\u00e7\u00e3o do Minist\u00e9rio da Sa\u00fade divulgada\u00a0hoje\u00a0(23). Com esses acr\u00e9scimos \u00e0s estat\u00edsticas, o pa\u00eds chegou a 52.645 \u00f3bitos\u00a0em fun\u00e7\u00e3o da pandemia do novo coronav\u00edrus.<img decoding=\"async\" src=\"https:\/\/agenciabrasil.ebc.com.br\/ebc.png?id=1310149&amp;o=node\" \/><\/p>\n<p>A atualiza\u00e7\u00e3o di\u00e1ria traz um aumento de 2,7% no n\u00famero de \u00f3bitos em rela\u00e7\u00e3o a\u00a0ontem(22), quando o total estava em 51.217.<\/p>\n<p>A taxa de letalidade (n\u00famero de mortes pelo total de casos) ficou em 4,5%. A mortalidade (falecimentos por 100.000 habitantes) foi de 25,1. J\u00e1 incid\u00eancia (casos confirmados por 100.000 habitantes) ficou em 543,3.<\/p>\n<p>O balan\u00e7o tamb\u00e9m teve 39.436 novos casos registrados, totalizando 1.145.906. O acr\u00e9scimo de pessoas infectadas marcou uma varia\u00e7\u00e3o de 3,5% sobre o n\u00famero de\u00a0ontem, quando os dados do minist\u00e9rio\u00a0registravam 1.106.470 de pessoas infectadas.<\/p>\n<p>Do total, 479.916 pacientes est\u00e3o em observa\u00e7\u00e3o, 613.345 foram recuperados e 3.911 mortes est\u00e3o em investiga\u00e7\u00e3o.<\/p>\n<p><strong>Covid-19 por estado<\/strong><\/p>\n<p>Os estados com maior n\u00famero de \u00f3bitos s\u00e3o S\u00e3o Paulo (13.068), Rio\u00a0de Janeiro\u00a0(9.153), Cear\u00e1 (5.717), Par\u00e1 (4.672) e Pernambuco (4.339). Ainda figuram entres os estados com altos \u00edndices de v\u00edtimas\u00a0em fun\u00e7\u00e3o da pandemia Amazonas (2.686), Maranh\u00e3o (1.797), Bahia (1.491), Esp\u00edrito Santo (1.425), Alagoas (920) e Para\u00edba (807).<\/p>\n<p>Os estados com mais casos confirmados de covid-19 s\u00e3o S\u00e3o Paulo (229.475), Rio\u00a0de Janeiro\u00a0(100.869), Cear\u00e1 (97.528), Par\u00e1 (88.636) e Maranh\u00e3o (72.021).<\/p>\n<p><strong>Fonte:\u00a0<\/strong>Ag\u00eancia Brasil<\/p>\n","protected":false},"excerpt":{"rendered":"<p>O Brasil teve 1.374 novas mortes por covid-19 registradas\u00a0nas \u00faltimas 24h, de acordo com atualiza\u00e7\u00e3o do Minist\u00e9rio da Sa\u00fade divulgada\u00a0hoje\u00a0(23). Com esses acr\u00e9scimos \u00e0s estat\u00edsticas, o pa\u00eds chegou a 52.645 \u00f3bitos\u00a0em fun\u00e7\u00e3o da pandemia do novo coronav\u00edrus. A atualiza\u00e7\u00e3o di\u00e1ria traz um aumento de 2,7% no n\u00famero de \u00f3bitos em rela\u00e7\u00e3o a\u00a0ontem(22), quando o total [&hellip;]<\/p>\n","protected":false},"author":96,"featured_media":162913,"comment_status":"closed","ping_status":"closed","sticky":false,"template":"","format":"standard","meta":{"footnotes":""},"categories":[302,436,440,439],"tags":[],"class_list":["post-162912","post","type-post","status-publish","format-standard","has-post-thumbnail","hentry","category-brasil-mundo","category-destaque-da-semana","category-destaques-do-dia","category-ultima-hora"],"_links":{"self":[{"href":"https:\/\/diarioregionaldigital.com.br\/index.php?rest_route=\/wp\/v2\/posts\/162912","targetHints":{"allow":["GET"]}}],"collection":[{"href":"https:\/\/diarioregionaldigital.com.br\/index.php?rest_route=\/wp\/v2\/posts"}],"about":[{"href":"https:\/\/diarioregionaldigital.com.br\/index.php?rest_route=\/wp\/v2\/types\/post"}],"author":[{"embeddable":true,"href":"https:\/\/diarioregionaldigital.com.br\/index.php?rest_route=\/wp\/v2\/users\/96"}],"replies":[{"embeddable":true,"href":"https:\/\/diarioregionaldigital.com.br\/index.php?rest_route=%2Fwp%2Fv2%2Fcomments&post=162912"}],"version-history":[{"count":0,"href":"https:\/\/diarioregionaldigital.com.br\/index.php?rest_route=\/wp\/v2\/posts\/162912\/revisions"}],"wp:featuredmedia":[{"embeddable":true,"href":"https:\/\/diarioregionaldigital.com.br\/index.php?rest_route=\/wp\/v2\/media\/162913"}],"wp:attachment":[{"href":"https:\/\/diarioregionaldigital.com.br\/index.php?rest_route=%2Fwp%2Fv2%2Fmedia&parent=162912"}],"wp:term":[{"taxonomy":"category","embeddable":true,"href":"https:\/\/diarioregionaldigital.com.br\/index.php?rest_route=%2Fwp%2Fv2%2Fcategories&post=162912"},{"taxonomy":"post_tag","embeddable":true,"href":"https:\/\/diarioregionaldigital.com.br\/index.php?rest_route=%2Fwp%2Fv2%2Ftags&post=162912"}],"curies":[{"name":"wp","href":"https:\/\/api.w.org\/{rel}","templated":true}]}}