{"id":162900,"date":"2020-06-23T18:42:23","date_gmt":"2020-06-23T21:42:23","guid":{"rendered":"https:\/\/diarioregionaldigital.com.br\/?p=162900"},"modified":"2020-06-23T18:42:23","modified_gmt":"2020-06-23T21:42:23","slug":"governo-arrecada-cerca-de-r-19-milhoes-em-doacoes-e-175-mil-cestas-basicas","status":"publish","type":"post","link":"https:\/\/diarioregionaldigital.com.br\/?p=162900","title":{"rendered":"Governo arrecada cerca de R$ 19 milh\u00f5es em doa\u00e7\u00f5es e 175 mil cestas b\u00e1sicas"},"content":{"rendered":"<p>O\u00a0Governo de Minas\u00a0arrecadou, at\u00e9 o momento, cerca de R$ 19 milh\u00f5es em doa\u00e7\u00f5es para auxiliar o enfrentamento da pandemia do coronav\u00edrus no estado. S\u00e3o mais de 3,7 milh\u00f5es de itens recolhidos, como \u00e1lcool 70%, Equipamentos de Prote\u00e7\u00e3o Individual (EPIs), material hospitalar e produtos de higiene, que est\u00e3o sendo destinados para a popula\u00e7\u00e3o mais vulner\u00e1vel. Al\u00e9m disso, ser\u00e3o distribu\u00eddas 175.500 cestas b\u00e1sicas a fam\u00edlias carentes nos 853 munic\u00edpios mineiros.<\/p>\n<p>\u201cEstamos aqui hoje para agradecer as pessoas e empresas que doaram 3,7 milh\u00f5es de itens neste momento t\u00e3o dif\u00edcil da pandemia. Essas doa\u00e7\u00f5es t\u00eam sido fundamentais para ajudar aquelas fam\u00edlias que precisam. Recebemos principalmente material hospitalar, de limpeza. Dentre as doa\u00e7\u00f5es que o Estado recebeu constam 175 mil cestas b\u00e1sicas que ser\u00e3o distribu\u00eddas para todos os munic\u00edpios de Minas\u201d, afirmou o governador Romeu Zema, ressaltando a uni\u00e3o de esfor\u00e7os de diversos \u00f3rg\u00e3os estaduais na a\u00e7\u00e3o e a mobiliza\u00e7\u00e3o junto \u00e0 sociedade civil e iniciativa privada.<\/p>\n<p>O vice-governador Paulo Brant tamb\u00e9m destacou a solidariedade do povo mineiro e agradeceu as doa\u00e7\u00f5es. \u201cNestas horas de tristeza e de dor surge com mais for\u00e7a a capacidade do ser humano em ser solid\u00e1rio, ter compaix\u00e3o. A sociedade mineira tem dado mostras inequ\u00edvocas de muita generosidade\u201d, disse.<\/p>\n<p><strong>Apoio<\/strong><\/p>\n<p>As doa\u00e7\u00f5es dos 3,7 milh\u00f5es de itens foram recebidas por meio da for\u00e7a-tarefa criada pelo Governo de Minas, que \u00e9 integrada pelo\u00a0Gabinete Militar do Governador (GMG) \/\u00a0Coordenadoria Estadual de Defesa Civil (Cedec-MG),\u00a0Servi\u00e7o Social Aut\u00f4nomo (Servas)\u00a0e\u00a0Secretaria de Estado de Sa\u00fade (SES-MG). Entre os itens arrecadados tamb\u00e9m est\u00e3o equipamentos e materiais hospitalares, combust\u00edvel, servi\u00e7os em geral &#8211; como instala\u00e7\u00e3o e montagem de estruturas &#8211; e recursos financeiros. Foram atendidos cerca de 500 locais em 368 munic\u00edpios de diversas regi\u00f5es do estado.<br \/>\nO controle do material doado \u00e9 feito por meio de sistema digital que registra desde a entrada dos itens at\u00e9 as suas condi\u00e7\u00f5es, observando, por exemplo, o prazo de validade. Todo o material coletado \u00e9 encaminhado para o dep\u00f3sito da Defesa Civil estadual, separado e, ap\u00f3s o trabalho de log\u00edstica, distribu\u00eddo para os munic\u00edpios, hospitais, povos e comunidades tradicionais que precisam do aux\u00edlio. As doa\u00e7\u00f5es s\u00e3o levadas pelos caminh\u00f5es da Cedec e de empresas privadas apoiadoras da iniciativa.<\/p>\n<p><strong>Cestas b\u00e1sicas<\/strong><\/p>\n<p>O Governo de Minas, por meio da\u00a0Secretaria de Estado de Desenvolvimento Social (Sedese), vai distribuir 175.500 cestas b\u00e1sicas a fam\u00edlias em situa\u00e7\u00e3o de vulnerabilidade nos 853 munic\u00edpios mineiros. A a\u00e7\u00e3o ser\u00e1 poss\u00edvel gra\u00e7as a uma parceria com o projeto \u201cFazer o bem faz bem\u201d.<\/p>\n<p>A distribui\u00e7\u00e3o das cestas ser\u00e1 viabilizada por meio de parceria entre a Sedese, Defesa Civil e\u00a0Pol\u00edcia Militar de Minas Gerais (PMMG). Os alimentos ser\u00e3o recebidos em 19 batalh\u00f5es e centros de distribui\u00e7\u00f5es da Defesa Civil em todo o estado, onde os munic\u00edpios dever\u00e3o fazer as retiradas.<\/p>\n<p>Os donativos ser\u00e3o direcionados para diversos p\u00fablicos, identificados pelo Cadastro \u00danico de Assist\u00eancia Social (Cad\u00fanico) do governo federal e demais cadastros oficiais. S\u00e3o eles: pessoas na faixa de extrema pobreza, e que n\u00e3o tenham recebido o aux\u00edlio emergencial da Uni\u00e3o; pessoas idosas em situa\u00e7\u00e3o de extrema pobreza; povos e comunidades tradicionais; catadores de material recicl\u00e1vel; jovens na faixa de pobreza que n\u00e3o foram atendidos pelo Bolsa Merenda, al\u00e9m de entidades que atendam popula\u00e7\u00e3o em situa\u00e7\u00e3o de rua.<\/p>\n<p><strong>Al\u00edvio e dignidade<\/strong><\/p>\n<p>A secret\u00e1ria de Estado de Desenvolvimento Social, Elizabeth Juc\u00e1, afirmou que as doa\u00e7\u00f5es s\u00e3o de extrema import\u00e2ncia. \u201cSabemos como a pandemia afetou a renda das fam\u00edlias e aquelas que j\u00e1 tinham poucos recursos foram ainda mais impactadas. As doa\u00e7\u00f5es, principalmente de alimentos, trazem al\u00edvio e dignidade para essas fam\u00edlias que precisam de apoio para superar esse momento\u201d, comentou.<\/p>\n<p>Para divulgar e mobilizar os munic\u00edpios, o governo com o apoio da Associa\u00e7\u00e3o Mineira dos Munic\u00edpios (AMM). \u201cEstou aqui para agradecer ao Governo do Estado que est\u00e1 fazendo este movimento de capitanear estes recursos da iniciativa privada para repassar para nossos cidad\u00e3os que est\u00e3o precisando. Os munic\u00edpios v\u00e3o ser parceiros nisso, cada um deles precisa fazer a sua ades\u00e3o para receber esta ajuda que vai chegar para quem est\u00e1 mais precisando neste momento\u201d, afirmou o presidente da AMM, Julvan Lacerda.<\/p>\n<p><strong>Portal MG<\/strong><\/p>\n<p>As doa\u00e7\u00f5es s\u00e3o feitas pelo Portal MG (www.mg.gov.br), que recebe tanto materiais de preven\u00e7\u00e3o ao cont\u00e1gio pelo coronav\u00edrus quanto arrecada\u00e7\u00f5es financeiras para compra de insumos e equipamentos hospitalares. Acessando o portal, o interessado em realizar a doa\u00e7\u00e3o preenche um formul\u00e1rio com nome e e-mail para contato. Nesse momento, j\u00e1 \u00e9 poss\u00edvel inserir informa\u00e7\u00f5es como discrimina\u00e7\u00e3o dos itens a serem doados, valor estimado e local de retirada (em caso de bens).<\/p>\n<p>Caso esses dados n\u00e3o sejam informados no cadastro inicial, a \u00e1rea respons\u00e1vel pelas doa\u00e7\u00f5es no Estado ir\u00e1 entrar em contato com o interessado e direcionar a doa\u00e7\u00e3o dentro do Executivo estadual.<\/p>\n<p>Para doa\u00e7\u00e3o de recursos, ser\u00e1 emitido um Documento de Arrecada\u00e7\u00e3o Estadual (DAE) pela\u00a0Secretaria de Estado de Fazenda (SEF)\u00a0para pagamento.<\/p>\n<p>As d\u00favidas devem ser enviadas para o e-mail\u00a0defesacivil@defesacvil.mg.gov.br.<\/p>\n<p><strong>Outras iniciativas<\/strong><\/p>\n<p>Al\u00e9m do empenho para distribuir itens necess\u00e1rios \u00e0s comunidades mineiras, o Estado tamb\u00e9m lan\u00e7ou novos servi\u00e7os para melhor atender o cidad\u00e3o. Uma das iniciativas \u00e9 o\u00a0Sa\u00fade Digital MG, aplicativo que possibilita o atendimento m\u00e9dico a dist\u00e2ncia.<\/p>\n<p>Outro projeto \u00e9 o\u00a0Medicamento em Casa, por meio do Farm\u00e1cia de Minas, que entrega rem\u00e9dios em domic\u00edlio para pessoas grupos de risco da covid-19, por uma parceria entre Defesa Civil, SES e a empresa 99 T\u00e1xi.<\/p>\n<p><strong>Fonte:\u00a0<\/strong>Ag\u00eancia Minas<\/p>\n","protected":false},"excerpt":{"rendered":"<p>O\u00a0Governo de Minas\u00a0arrecadou, at\u00e9 o momento, cerca de R$ 19 milh\u00f5es em doa\u00e7\u00f5es para auxiliar o enfrentamento da pandemia do coronav\u00edrus no estado. S\u00e3o mais de 3,7 milh\u00f5es de itens recolhidos, como \u00e1lcool 70%, Equipamentos de Prote\u00e7\u00e3o Individual (EPIs), material hospitalar e produtos de higiene, que est\u00e3o sendo destinados para a popula\u00e7\u00e3o mais vulner\u00e1vel. Al\u00e9m [&hellip;]<\/p>\n","protected":false},"author":96,"featured_media":162901,"comment_status":"closed","ping_status":"closed","sticky":false,"template":"","format":"standard","meta":{"footnotes":""},"categories":[436,252,439],"tags":[],"class_list":["post-162900","post","type-post","status-publish","format-standard","has-post-thumbnail","hentry","category-destaque-da-semana","category-regiao","category-ultima-hora"],"_links":{"self":[{"href":"https:\/\/diarioregionaldigital.com.br\/index.php?rest_route=\/wp\/v2\/posts\/162900","targetHints":{"allow":["GET"]}}],"collection":[{"href":"https:\/\/diarioregionaldigital.com.br\/index.php?rest_route=\/wp\/v2\/posts"}],"about":[{"href":"https:\/\/diarioregionaldigital.com.br\/index.php?rest_route=\/wp\/v2\/types\/post"}],"author":[{"embeddable":true,"href":"https:\/\/diarioregionaldigital.com.br\/index.php?rest_route=\/wp\/v2\/users\/96"}],"replies":[{"embeddable":true,"href":"https:\/\/diarioregionaldigital.com.br\/index.php?rest_route=%2Fwp%2Fv2%2Fcomments&post=162900"}],"version-history":[{"count":0,"href":"https:\/\/diarioregionaldigital.com.br\/index.php?rest_route=\/wp\/v2\/posts\/162900\/revisions"}],"wp:featuredmedia":[{"embeddable":true,"href":"https:\/\/diarioregionaldigital.com.br\/index.php?rest_route=\/wp\/v2\/media\/162901"}],"wp:attachment":[{"href":"https:\/\/diarioregionaldigital.com.br\/index.php?rest_route=%2Fwp%2Fv2%2Fmedia&parent=162900"}],"wp:term":[{"taxonomy":"category","embeddable":true,"href":"https:\/\/diarioregionaldigital.com.br\/index.php?rest_route=%2Fwp%2Fv2%2Fcategories&post=162900"},{"taxonomy":"post_tag","embeddable":true,"href":"https:\/\/diarioregionaldigital.com.br\/index.php?rest_route=%2Fwp%2Fv2%2Ftags&post=162900"}],"curies":[{"name":"wp","href":"https:\/\/api.w.org\/{rel}","templated":true}]}}