{"id":162898,"date":"2020-06-23T18:39:57","date_gmt":"2020-06-23T21:39:57","guid":{"rendered":"https:\/\/diarioregionaldigital.com.br\/?p=162898"},"modified":"2020-06-23T18:39:57","modified_gmt":"2020-06-23T21:39:57","slug":"projeto-de-lei-preve-auxilio-emergencial-a-permissionarios-do-transporte-escolar","status":"publish","type":"post","link":"https:\/\/diarioregionaldigital.com.br\/?p=162898","title":{"rendered":"Projeto de lei prev\u00ea aux\u00edlio emergencial a permission\u00e1rios do transporte escolar"},"content":{"rendered":"<p>Tramita na C\u00e2mara Municipal o projeto de lei que autoriza o poder p\u00fablico municipal a conceder aux\u00edlio financeiro emergencial aos permission\u00e1rios de transporte escolar em virtude dos impactos sociais e econ\u00f4micos causados pela pandemia da COVID-19. A proposta do vereador Sargento Mello Casal (PTB) iniciou sua tramita\u00e7\u00e3o em 28 de maio e objetiva garantir que os trabalhadores do transporte escolar recebam aux\u00edlio de um sal\u00e1rio m\u00ednimo durante a pandemia.<\/p>\n<p>O PL tem car\u00e1ter autorizativo, ou seja, n\u00e3o cria obriga\u00e7\u00e3o para o munic\u00edpio, ficando a decis\u00e3o final sobre a concess\u00e3o do referido Aux\u00edlio Financeiro Emergencial exclusivamente a cargo do Poder Executivo Municipal. Por isso a proposta foi considerada legal e constitucional pela Procuradoria da C\u00e2mara Municipal e pelos vereadores da Comiss\u00e3o de Legisla\u00e7\u00e3o, Justi\u00e7a e Reda\u00e7\u00e3o.\u00a0 O PL ainda precisa passar pela avalia\u00e7\u00e3o da Comiss\u00e3o de Finan\u00e7as, Or\u00e7amento e Fiscaliza\u00e7\u00e3o Financeira e, depois, estar\u00e1 em condi\u00e7\u00f5es de ser votado em Plen\u00e1rio.<\/p>\n<p>\u201cO pleito foi trazido ao nosso gabinete por representantes da classe. Esses trabalhadores permission\u00e1rios foram os primeiros a serem obrigados a parar de trabalhar com a suspens\u00e3o das aulas e provavelmente ser\u00e3o os \u00faltimos a retornar ao trabalho. Muitos deles n\u00e3o foram alcan\u00e7ados pelas medidas econ\u00f4micas adotadas pelo Governo Federal sofrendo grandes preju\u00edzos pela falta de renda e muitos, inclusive, j\u00e1 est\u00e3o em condi\u00e7\u00e3o de extrema vulnerabilidade\u201d, argumenta Sargento Mello.<\/p>\n<p><strong>Fonte:\u00a0<\/strong>Assessoria<\/p>\n","protected":false},"excerpt":{"rendered":"<p>Tramita na C\u00e2mara Municipal o projeto de lei que autoriza o poder p\u00fablico municipal a conceder aux\u00edlio financeiro emergencial aos permission\u00e1rios de transporte escolar em virtude dos impactos sociais e econ\u00f4micos causados pela pandemia da COVID-19. A proposta do vereador Sargento Mello Casal (PTB) iniciou sua tramita\u00e7\u00e3o em 28 de maio e objetiva garantir que [&hellip;]<\/p>\n","protected":false},"author":96,"featured_media":162599,"comment_status":"closed","ping_status":"closed","sticky":false,"template":"","format":"standard","meta":{"footnotes":""},"categories":[436,254,439],"tags":[],"class_list":["post-162898","post","type-post","status-publish","format-standard","has-post-thumbnail","hentry","category-destaque-da-semana","category-politica","category-ultima-hora"],"_links":{"self":[{"href":"https:\/\/diarioregionaldigital.com.br\/index.php?rest_route=\/wp\/v2\/posts\/162898","targetHints":{"allow":["GET"]}}],"collection":[{"href":"https:\/\/diarioregionaldigital.com.br\/index.php?rest_route=\/wp\/v2\/posts"}],"about":[{"href":"https:\/\/diarioregionaldigital.com.br\/index.php?rest_route=\/wp\/v2\/types\/post"}],"author":[{"embeddable":true,"href":"https:\/\/diarioregionaldigital.com.br\/index.php?rest_route=\/wp\/v2\/users\/96"}],"replies":[{"embeddable":true,"href":"https:\/\/diarioregionaldigital.com.br\/index.php?rest_route=%2Fwp%2Fv2%2Fcomments&post=162898"}],"version-history":[{"count":0,"href":"https:\/\/diarioregionaldigital.com.br\/index.php?rest_route=\/wp\/v2\/posts\/162898\/revisions"}],"wp:featuredmedia":[{"embeddable":true,"href":"https:\/\/diarioregionaldigital.com.br\/index.php?rest_route=\/wp\/v2\/media\/162599"}],"wp:attachment":[{"href":"https:\/\/diarioregionaldigital.com.br\/index.php?rest_route=%2Fwp%2Fv2%2Fmedia&parent=162898"}],"wp:term":[{"taxonomy":"category","embeddable":true,"href":"https:\/\/diarioregionaldigital.com.br\/index.php?rest_route=%2Fwp%2Fv2%2Fcategories&post=162898"},{"taxonomy":"post_tag","embeddable":true,"href":"https:\/\/diarioregionaldigital.com.br\/index.php?rest_route=%2Fwp%2Fv2%2Ftags&post=162898"}],"curies":[{"name":"wp","href":"https:\/\/api.w.org\/{rel}","templated":true}]}}