{"id":162895,"date":"2020-06-23T18:38:42","date_gmt":"2020-06-23T21:38:42","guid":{"rendered":"https:\/\/diarioregionaldigital.com.br\/?p=162895"},"modified":"2020-06-23T18:38:42","modified_gmt":"2020-06-23T21:38:42","slug":"camaras-da-regiao-poderao-hospedar-conteudos-na-plataforma-de-ensino-da-escola-do-legislativo","status":"publish","type":"post","link":"https:\/\/diarioregionaldigital.com.br\/?p=162895","title":{"rendered":"C\u00e2maras da regi\u00e3o poder\u00e3o hospedar conte\u00fados na plataforma de ensino da Escola do Legislativo"},"content":{"rendered":"<p>Com o objetivo de ampliar os conte\u00fados da plataforma de ensino da Escola do Legislativo Professor William Coury Jabour, a C\u00e2mara Municipal busca parceria com outras C\u00e2maras da regi\u00e3o. Na \u00faltima semana a equipe da Escola do Legislativo de Juiz de Fora realizou reuni\u00e3o virtual com representantes de cinco munic\u00edpios: Olaria, Visconde do Rio Branco, Ponte Nova, Vi\u00e7osa e Matias Barbosa.<\/p>\n<p>Como explica o supervisor da Escola do Legislativo, S\u00e9rgio Loures, neste primeiro momento foram contatadas C\u00e2maras Municipais que t\u00eam Escolas do Legislativo e o objetivo \u00e9 incentiv\u00e1-las a disponibilizar conte\u00fado para a plataforma de ensino. \u201cA ideia foi bem aceita pelas Escolas e agora estamos estreitando o contato para poder viabilizar a parceria, que n\u00e3o vai ter custo nenhum. A inten\u00e7\u00e3o \u00e9 ter a oportunidade de disponibilizar conte\u00fado tanto para os nossos servidores quanto para o das outras C\u00e2maras\u201d, afirma.<\/p>\n<p>Na plataforma h\u00e1 tanto conte\u00fados abertos quanto materiais exclusivos para servidores da Casa. S\u00e9rgio Loures conta que, com a parceria, todos os funcion\u00e1rios de C\u00e2maras da regi\u00e3o que demonstrarem interesse ter\u00e3o o e-mail cadastrado para acessar a plataforma.<\/p>\n<p>Para auxiliar na elabora\u00e7\u00e3o de conte\u00fados para ensino a dist\u00e2ncia, a Escola do Legislativo ir\u00e1 desenvolver e disponibilizar curso de capacita\u00e7\u00e3o para tutoria. Depois daelabora\u00e7\u00e3o do curso, o conte\u00fado ser\u00e1 analisado de acordo com os par\u00e2metros pedag\u00f3gicos-tecnol\u00f3gicos da Escola do Legislativo de Juiz de Fora antes de ser hospedado na plataforma.<\/p>\n<p>A equipe da Escola do Legislativo de Juiz de Fora entrar\u00e1 em contato com C\u00e2maras da regi\u00e3o que n\u00e3o participaram da primeira reuni\u00e3o e verificar\u00e1 se h\u00e1 interesse em participarem da iniciativa. Caso alguma Casa da regi\u00e3o que possua Escola do Legislativo queira entrar em contato, pode enviar e-mail para\u00a0escoladolegislativo@camarajf.mg.gov.br\u00a0ou\u00a0sergio.loures@camarajf.mg.gov.br.<\/p>\n<p><strong>Fonte:\u00a0<\/strong>Assessoria<\/p>\n","protected":false},"excerpt":{"rendered":"<p>Com o objetivo de ampliar os conte\u00fados da plataforma de ensino da Escola do Legislativo Professor William Coury Jabour, a C\u00e2mara Municipal busca parceria com outras C\u00e2maras da regi\u00e3o. Na \u00faltima semana a equipe da Escola do Legislativo de Juiz de Fora realizou reuni\u00e3o virtual com representantes de cinco munic\u00edpios: Olaria, Visconde do Rio Branco, [&hellip;]<\/p>\n","protected":false},"author":96,"featured_media":162896,"comment_status":"closed","ping_status":"closed","sticky":false,"template":"","format":"standard","meta":{"footnotes":""},"categories":[253,436,439],"tags":[],"class_list":["post-162895","post","type-post","status-publish","format-standard","has-post-thumbnail","hentry","category-cidade","category-destaque-da-semana","category-ultima-hora"],"_links":{"self":[{"href":"https:\/\/diarioregionaldigital.com.br\/index.php?rest_route=\/wp\/v2\/posts\/162895","targetHints":{"allow":["GET"]}}],"collection":[{"href":"https:\/\/diarioregionaldigital.com.br\/index.php?rest_route=\/wp\/v2\/posts"}],"about":[{"href":"https:\/\/diarioregionaldigital.com.br\/index.php?rest_route=\/wp\/v2\/types\/post"}],"author":[{"embeddable":true,"href":"https:\/\/diarioregionaldigital.com.br\/index.php?rest_route=\/wp\/v2\/users\/96"}],"replies":[{"embeddable":true,"href":"https:\/\/diarioregionaldigital.com.br\/index.php?rest_route=%2Fwp%2Fv2%2Fcomments&post=162895"}],"version-history":[{"count":0,"href":"https:\/\/diarioregionaldigital.com.br\/index.php?rest_route=\/wp\/v2\/posts\/162895\/revisions"}],"wp:featuredmedia":[{"embeddable":true,"href":"https:\/\/diarioregionaldigital.com.br\/index.php?rest_route=\/wp\/v2\/media\/162896"}],"wp:attachment":[{"href":"https:\/\/diarioregionaldigital.com.br\/index.php?rest_route=%2Fwp%2Fv2%2Fmedia&parent=162895"}],"wp:term":[{"taxonomy":"category","embeddable":true,"href":"https:\/\/diarioregionaldigital.com.br\/index.php?rest_route=%2Fwp%2Fv2%2Fcategories&post=162895"},{"taxonomy":"post_tag","embeddable":true,"href":"https:\/\/diarioregionaldigital.com.br\/index.php?rest_route=%2Fwp%2Fv2%2Ftags&post=162895"}],"curies":[{"name":"wp","href":"https:\/\/api.w.org\/{rel}","templated":true}]}}