{"id":162893,"date":"2020-06-23T18:34:12","date_gmt":"2020-06-23T21:34:12","guid":{"rendered":"https:\/\/diarioregionaldigital.com.br\/?p=162893"},"modified":"2020-06-23T18:34:12","modified_gmt":"2020-06-23T21:34:12","slug":"servico-de-interligacao-pode-afetar-abastecimento-de-agua-nas-proximidades-da-ufjf","status":"publish","type":"post","link":"https:\/\/diarioregionaldigital.com.br\/?p=162893","title":{"rendered":"Servi\u00e7o de interliga\u00e7\u00e3o pode afetar abastecimento de \u00e1gua nas proximidades da UFJF"},"content":{"rendered":"<p>Nesta quarta-feira, 24, a Companhia de Saneamento Municipal (Cesama) far\u00e1 interliga\u00e7\u00e3o do novo ramal de \u00e1gua do Hospital Universit\u00e1rio da Universidade Federal de Juiz de fora (HU-UFJF). Para execu\u00e7\u00e3o do servi\u00e7o, ser\u00e1 necess\u00e1rio interromper o fornecimento das 8 \u00e0s 16 horas, o que pode causar desabastecimento no hospital, na Faculdade de Engenharia, no Clube Campestre do Servi\u00e7o Social da Ind\u00fastria (Sesi), na sede da Empresa Brasileira de Pesquisa Agropecu\u00e1ria (Embrapa) e em parte do Bairro Dom Bosco.<\/p>\n<p>Durante o servi\u00e7o, o HU ser\u00e1 atendido por caminh\u00e3o-pipa da Cesama. A companhia pede aos moradores da regi\u00e3o que economizem \u00e1gua. A previs\u00e3o \u00e9 de que o sistema seja regularizado at\u00e9 a manh\u00e3 de quinta-feira, 25.<\/p>\n<p><strong>Fonte:\u00a0<\/strong>Assessoria<\/p>\n","protected":false},"excerpt":{"rendered":"<p>Nesta quarta-feira, 24, a Companhia de Saneamento Municipal (Cesama) far\u00e1 interliga\u00e7\u00e3o do novo ramal de \u00e1gua do Hospital Universit\u00e1rio da Universidade Federal de Juiz de fora (HU-UFJF). Para execu\u00e7\u00e3o do servi\u00e7o, ser\u00e1 necess\u00e1rio interromper o fornecimento das 8 \u00e0s 16 horas, o que pode causar desabastecimento no hospital, na Faculdade de Engenharia, no Clube Campestre [&hellip;]<\/p>\n","protected":false},"author":96,"featured_media":162544,"comment_status":"closed","ping_status":"closed","sticky":false,"template":"","format":"standard","meta":{"footnotes":""},"categories":[253,436,439],"tags":[],"class_list":["post-162893","post","type-post","status-publish","format-standard","has-post-thumbnail","hentry","category-cidade","category-destaque-da-semana","category-ultima-hora"],"_links":{"self":[{"href":"https:\/\/diarioregionaldigital.com.br\/index.php?rest_route=\/wp\/v2\/posts\/162893","targetHints":{"allow":["GET"]}}],"collection":[{"href":"https:\/\/diarioregionaldigital.com.br\/index.php?rest_route=\/wp\/v2\/posts"}],"about":[{"href":"https:\/\/diarioregionaldigital.com.br\/index.php?rest_route=\/wp\/v2\/types\/post"}],"author":[{"embeddable":true,"href":"https:\/\/diarioregionaldigital.com.br\/index.php?rest_route=\/wp\/v2\/users\/96"}],"replies":[{"embeddable":true,"href":"https:\/\/diarioregionaldigital.com.br\/index.php?rest_route=%2Fwp%2Fv2%2Fcomments&post=162893"}],"version-history":[{"count":0,"href":"https:\/\/diarioregionaldigital.com.br\/index.php?rest_route=\/wp\/v2\/posts\/162893\/revisions"}],"wp:featuredmedia":[{"embeddable":true,"href":"https:\/\/diarioregionaldigital.com.br\/index.php?rest_route=\/wp\/v2\/media\/162544"}],"wp:attachment":[{"href":"https:\/\/diarioregionaldigital.com.br\/index.php?rest_route=%2Fwp%2Fv2%2Fmedia&parent=162893"}],"wp:term":[{"taxonomy":"category","embeddable":true,"href":"https:\/\/diarioregionaldigital.com.br\/index.php?rest_route=%2Fwp%2Fv2%2Fcategories&post=162893"},{"taxonomy":"post_tag","embeddable":true,"href":"https:\/\/diarioregionaldigital.com.br\/index.php?rest_route=%2Fwp%2Fv2%2Ftags&post=162893"}],"curies":[{"name":"wp","href":"https:\/\/api.w.org\/{rel}","templated":true}]}}