{"id":162890,"date":"2020-06-23T18:33:06","date_gmt":"2020-06-23T21:33:06","guid":{"rendered":"https:\/\/diarioregionaldigital.com.br\/?p=162890"},"modified":"2020-06-23T18:33:06","modified_gmt":"2020-06-23T21:33:06","slug":"museu-celebra-99-anos-de-inauguracao-e-199-do-nascimento-de-mariano-procopio","status":"publish","type":"post","link":"https:\/\/diarioregionaldigital.com.br\/?p=162890","title":{"rendered":"Museu celebra 99 anos de inaugura\u00e7\u00e3o e 199 do nascimento de Mariano Proc\u00f3pio"},"content":{"rendered":"<p>Uma celebra\u00e7\u00e3o diferente, mas adequada ao momento. Nesta ter\u00e7a-feira, 23 de junho, s\u00e3o comemorados os 199 anos de nascimento do comendador Mariano Proc\u00f3pio Ferreira Lage (1821-1872) e 99 anos da inaugura\u00e7\u00e3o oficial da institui\u00e7\u00e3o que leva seu nome. O Museu &#8220;Mariano Proc\u00f3pio&#8221;, assim como todas estas institui\u00e7\u00f5es, no mundo inteiro, busca, hoje em dia, adequar suas atividades ao meio digital, como forma de promover a difus\u00e3o do seu acervo, hist\u00f3ria e mem\u00f3rias afetivas do p\u00fablico com o espa\u00e7o. Assim como vem sido feito nos \u00faltimos meses, com conte\u00fados criados para a web, a data n\u00e3o poderia passar em branco, e, por isso, a comemora\u00e7\u00e3o segue nas redes sociais, com v\u00eddeo destacando curiosidades do espa\u00e7o de mem\u00f3ria e da figura hist\u00f3rica.<\/p>\n<p>Mariano Proc\u00f3pio Ferreira Lage nasceu na Ch\u00e1cara do Matinho, em Barbacena, Minas Gerais, filho do capit\u00e3o Mariano Jos\u00e9 Ferreira Armond e de dona Maria Jos\u00e9 de Sant`Ana. Casou-se em 1851 com Maria Am\u00e1lia Coelho de Castro, tendo v\u00e1rios filhos, como Elisa (morreu ainda muito jovem), Frederico e Alfredo, al\u00e9m de outros, que n\u00e3o chegaram \u00e0 idade adulta. Herdando o capital pol\u00edtico, simb\u00f3lico e financeiro de sua fam\u00edlia, Mariano se destacou na economia e na pol\u00edtica do segundo reinado brasileiro, sobretudo por conta da aproxima\u00e7\u00e3o com a poderosa elite mercantil, frequentadora da Corte (Rio de Janeiro), e dos la\u00e7os tecidos com a fam\u00edlia Imperial.<\/p>\n<p>Respons\u00e1vel pela constru\u00e7\u00e3o da Estrada Uni\u00e3o e Ind\u00fastria, o engenheiro e empreendedor Mariano Proc\u00f3pio Ferreira Lage tinha bom relacionamento com o Imperador Dom Pedro II, que aprovou o projeto de liga\u00e7\u00e3o entre as cidades da regi\u00e3o e Petr\u00f3polis. A iniciativa garantiu a explora\u00e7\u00e3o comercial, por 50 anos, da estrada. Al\u00e9m disso, Mariano atuou em outras frentes, sendo considerado empres\u00e1rio influente, destacando-se entre as principais figuras da \u00e9poca.<\/p>\n<p><b>O surgimento do Museu<\/b><\/p>\n<p>A casa de veraneio dos Ferreira Lage, ou \u201cCastelinho\u201d, como alguns gostam de chamar, foi constru\u00edda inicialmente para hospedar o imperador e sua comitiva, durante a inaugura\u00e7\u00e3o da Estrada Uni\u00e3o e Ind\u00fastria, em 1861. Mas o pr\u00e9dio n\u00e3o foi finalizado a tempo, e optou-se em receb\u00ea-los na ch\u00e1cara da fam\u00edlia. Alfredo Ferreira Lage, filho de Mariano, tinha gosto pelo colecionismo desde cedo, e ao longo de sua vida foi adquirindo obras de artes e itens variados para seu acervo pessoal. Em 1915 j\u00e1 recebia visitantes na Villa. Na \u00e9poca, o local era conhecido como \u201cMuseu Ferreira Lage\u201d. Mas a inaugura\u00e7\u00e3o oficial ampliou o n\u00famero de visitantes, e o local passou a contar com outras pessoas para ajudar na recep\u00e7\u00e3o. E a data de 23 de junho foi especialmente escolhida por Alfredo para celebrar o centen\u00e1rio de nascimento de seu pai.<\/p>\n<p>Com o aumento de seu acervo, Alfredo come\u00e7ou a enfrentar desafios vivenciados por outros colecionadores. Al\u00e9m de espa\u00e7o adequado para acomodar as milhares de pe\u00e7as dos mais variados contextos, ele j\u00e1 se preocupava com o acesso e o resguardo dos objetos, para que, ap\u00f3s sua morte, n\u00e3o se perdessem. A amplia\u00e7\u00e3o das pe\u00e7as de Alfredo levou \u00e0 constru\u00e7\u00e3o de um pr\u00e9dio anexo, a galeria de belas-artes, inaugurada em 13 de maio de 1922. \u00c9 a primeira edifica\u00e7\u00e3o brasileira constru\u00edda com finalidade de ser museu. O planejamento de arte, onde se destacam o lanternim e a claraboia, \u00e9 de Rodolpho Bernardelli.<\/p>\n<p>A institui\u00e7\u00e3o vai al\u00e9m do contexto hist\u00f3rico e cultural. Est\u00e1 na mem\u00f3ria afetiva do juiz-forano, que visita o local n\u00e3o somente para a aprecia\u00e7\u00e3o das obras de artes, mas aproveitando as possibilidades de todos os espa\u00e7os e ambientes do Museu. Ali s\u00e3o realizados, periodicamente, eventos dos mais variados, como forma de aproxima\u00e7\u00e3o de todos os p\u00fablicos, n\u00e3o apenas por faixa et\u00e1ria, mas por gostos, com a\u00e7\u00f5es voltadas \u00e0 pr\u00e1tica de esportes, cuidado com a sa\u00fade, m\u00fasica, dan\u00e7a e brincadeiras, dentre outras atividades.<\/p>\n<p><strong>Fonte:<\/strong> Assessoria<\/p>\n","protected":false},"excerpt":{"rendered":"<p>Uma celebra\u00e7\u00e3o diferente, mas adequada ao momento. Nesta ter\u00e7a-feira, 23 de junho, s\u00e3o comemorados os 199 anos de nascimento do comendador Mariano Proc\u00f3pio Ferreira Lage (1821-1872) e 99 anos da inaugura\u00e7\u00e3o oficial da institui\u00e7\u00e3o que leva seu nome. O Museu &#8220;Mariano Proc\u00f3pio&#8221;, assim como todas estas institui\u00e7\u00f5es, no mundo inteiro, busca, hoje em dia, adequar [&hellip;]<\/p>\n","protected":false},"author":96,"featured_media":162891,"comment_status":"closed","ping_status":"closed","sticky":false,"template":"","format":"standard","meta":{"footnotes":""},"categories":[253,436,439],"tags":[],"class_list":["post-162890","post","type-post","status-publish","format-standard","has-post-thumbnail","hentry","category-cidade","category-destaque-da-semana","category-ultima-hora"],"_links":{"self":[{"href":"https:\/\/diarioregionaldigital.com.br\/index.php?rest_route=\/wp\/v2\/posts\/162890","targetHints":{"allow":["GET"]}}],"collection":[{"href":"https:\/\/diarioregionaldigital.com.br\/index.php?rest_route=\/wp\/v2\/posts"}],"about":[{"href":"https:\/\/diarioregionaldigital.com.br\/index.php?rest_route=\/wp\/v2\/types\/post"}],"author":[{"embeddable":true,"href":"https:\/\/diarioregionaldigital.com.br\/index.php?rest_route=\/wp\/v2\/users\/96"}],"replies":[{"embeddable":true,"href":"https:\/\/diarioregionaldigital.com.br\/index.php?rest_route=%2Fwp%2Fv2%2Fcomments&post=162890"}],"version-history":[{"count":0,"href":"https:\/\/diarioregionaldigital.com.br\/index.php?rest_route=\/wp\/v2\/posts\/162890\/revisions"}],"wp:featuredmedia":[{"embeddable":true,"href":"https:\/\/diarioregionaldigital.com.br\/index.php?rest_route=\/wp\/v2\/media\/162891"}],"wp:attachment":[{"href":"https:\/\/diarioregionaldigital.com.br\/index.php?rest_route=%2Fwp%2Fv2%2Fmedia&parent=162890"}],"wp:term":[{"taxonomy":"category","embeddable":true,"href":"https:\/\/diarioregionaldigital.com.br\/index.php?rest_route=%2Fwp%2Fv2%2Fcategories&post=162890"},{"taxonomy":"post_tag","embeddable":true,"href":"https:\/\/diarioregionaldigital.com.br\/index.php?rest_route=%2Fwp%2Fv2%2Ftags&post=162890"}],"curies":[{"name":"wp","href":"https:\/\/api.w.org\/{rel}","templated":true}]}}