{"id":162887,"date":"2020-06-23T17:57:49","date_gmt":"2020-06-23T20:57:49","guid":{"rendered":"https:\/\/diarioregionaldigital.com.br\/?p=162887"},"modified":"2020-06-23T17:57:49","modified_gmt":"2020-06-23T20:57:49","slug":"covid-19-juiz-de-fora-tem-1-415-casos-confirmados-e-52-mortes","status":"publish","type":"post","link":"https:\/\/diarioregionaldigital.com.br\/?p=162887","title":{"rendered":"Covid-19: Juiz de Fora tem 1.415 casos confirmados e 52 mortes"},"content":{"rendered":"<p>A Secretaria de Sa\u00fade (SS) da Prefeitura de Juiz de Fora (PJF), confirmou em boletim divulgado hoje (23), que o munic\u00edpio registrou 117 novos casos de Coronav\u00edrus em 24h, totalizando 1.415 casos confirmados. Al\u00e9m disso, o boletim registra mais duas mortes, totalizando 52. As duas v\u00edtimas s\u00e3o idosas. Uma delas, de 94 anos, morreu nesta ter\u00e7a, 23, e tinha Doen\u00e7a Cardiovascular Cr\u00f4nica (DCC). A outra, de 84 anos, veio a \u00f3bito no \u00faltimo s\u00e1bado, 20. Ela tinha Doen\u00e7a Cardiovascular Cr\u00f4nica (DCC), Diabetes Mellitus (DM) e Doen\u00e7a Renal Cr\u00f4nica (DRC). Conforme o boletim, 6.887 s\u00e3o suspeitos.<\/p>\n","protected":false},"excerpt":{"rendered":"<p>A Secretaria de Sa\u00fade (SS) da Prefeitura de Juiz de Fora (PJF), confirmou em boletim divulgado hoje (23), que o munic\u00edpio registrou 117 novos casos de Coronav\u00edrus em 24h, totalizando 1.415 casos confirmados. Al\u00e9m disso, o boletim registra mais duas mortes, totalizando 52. As duas v\u00edtimas s\u00e3o idosas. Uma delas, de 94 anos, morreu nesta [&hellip;]<\/p>\n","protected":false},"author":96,"featured_media":161524,"comment_status":"closed","ping_status":"closed","sticky":false,"template":"","format":"standard","meta":{"footnotes":""},"categories":[253,436,440,439],"tags":[],"class_list":["post-162887","post","type-post","status-publish","format-standard","has-post-thumbnail","hentry","category-cidade","category-destaque-da-semana","category-destaques-do-dia","category-ultima-hora"],"_links":{"self":[{"href":"https:\/\/diarioregionaldigital.com.br\/index.php?rest_route=\/wp\/v2\/posts\/162887","targetHints":{"allow":["GET"]}}],"collection":[{"href":"https:\/\/diarioregionaldigital.com.br\/index.php?rest_route=\/wp\/v2\/posts"}],"about":[{"href":"https:\/\/diarioregionaldigital.com.br\/index.php?rest_route=\/wp\/v2\/types\/post"}],"author":[{"embeddable":true,"href":"https:\/\/diarioregionaldigital.com.br\/index.php?rest_route=\/wp\/v2\/users\/96"}],"replies":[{"embeddable":true,"href":"https:\/\/diarioregionaldigital.com.br\/index.php?rest_route=%2Fwp%2Fv2%2Fcomments&post=162887"}],"version-history":[{"count":0,"href":"https:\/\/diarioregionaldigital.com.br\/index.php?rest_route=\/wp\/v2\/posts\/162887\/revisions"}],"wp:featuredmedia":[{"embeddable":true,"href":"https:\/\/diarioregionaldigital.com.br\/index.php?rest_route=\/wp\/v2\/media\/161524"}],"wp:attachment":[{"href":"https:\/\/diarioregionaldigital.com.br\/index.php?rest_route=%2Fwp%2Fv2%2Fmedia&parent=162887"}],"wp:term":[{"taxonomy":"category","embeddable":true,"href":"https:\/\/diarioregionaldigital.com.br\/index.php?rest_route=%2Fwp%2Fv2%2Fcategories&post=162887"},{"taxonomy":"post_tag","embeddable":true,"href":"https:\/\/diarioregionaldigital.com.br\/index.php?rest_route=%2Fwp%2Fv2%2Ftags&post=162887"}],"curies":[{"name":"wp","href":"https:\/\/api.w.org\/{rel}","templated":true}]}}