{"id":162884,"date":"2020-06-23T17:51:48","date_gmt":"2020-06-23T20:51:48","guid":{"rendered":"https:\/\/diarioregionaldigital.com.br\/?p=162884"},"modified":"2020-06-23T17:51:48","modified_gmt":"2020-06-23T20:51:48","slug":"secretario-destaca-fortalecimento-da-assistencia-para-enfrentamento-da-covid-19","status":"publish","type":"post","link":"https:\/\/diarioregionaldigital.com.br\/?p=162884","title":{"rendered":"Secret\u00e1rio destaca fortalecimento da assist\u00eancia para enfrentamento da covid-19"},"content":{"rendered":"<p><main class=\"clear margin-md-bottom-3\"><\/p>\n<div class=\"clear \">\n<p>A\u00a0Secretaria de Estado de Sa\u00fade (SES-MG)\u00a0refor\u00e7ou, nesta ter\u00e7a-feira (23\/6), durante coletiva virtual sobre as a\u00e7\u00f5es do Estado contra o coronav\u00edrus, a realiza\u00e7\u00e3o de estudos assistenciais e a amplia\u00e7\u00e3o dos atendimentos \u00e0 popula\u00e7\u00e3o nesse per\u00edodo.<\/p>\n<p>\u201cEm fevereiro, t\u00ednhamos em torno de 2\u00a0mil leitos de terapia intensiva em todo o estado. Desde ent\u00e3o, o\u00a0Governo de Minas\u00a0j\u00e1 ampliou em mais de 1 mil\u00a0leitos, o que representa expans\u00e3o de 50% da rede de assist\u00eancia de terapia intensiva\u201d, afirma\u00a0o\u00a0secret\u00e1rio de Sa\u00fade de Minas Gerais, Carlos Eduardo Amaral.<\/p>\n<p>Outro destaque, segundo o gestor, \u00e9 que,\u00a0mesmo neste momento de identifica\u00e7\u00e3o do aumento no n\u00famero de casos da doen\u00e7a, o Estado ainda tem capacidade de recrutar mais leitos na rede instalada.<\/p>\n<p>&#8220;O plano do governo \u00e9 tentar recrutar ao m\u00e1ximo o n\u00famero de leitos de terapia intensiva e enfermaria, principalmente em Belo Horizonte e regi\u00e3o Central. Inclusive, 200 leitos j\u00e1 est\u00e3o planejados para o Hospital Galba Veloso, da\u00a0Funda\u00e7\u00e3o Hospitalar de Minas Gerais (Fhemig). Neste momento, vamos continuar recrutando leitos dentro da rede e, com isso, deixar um legado de melhoria da sa\u00fade ap\u00f3s a pandemia\u201d, diz.<\/p>\n<p><strong>Atitude<\/strong><\/p>\n<p>De acordo com o secret\u00e1rio, um complemento fundamental que vai permitir que esses leitos sejam capazes de levar aten\u00e7\u00e3o \u00e0 sa\u00fade de qualidade \u00e0s pessoas\u00a0ser\u00e3o as atitudes da popula\u00e7\u00e3o em compreender que o isolamento e o distanciamento social s\u00e3o as \u00fanicas formas de se evitar um pico de transmiss\u00e3o da doen\u00e7a, conforme as proje\u00e7\u00f5es.<\/p>\n<p>\u201cSe fizermos o isolamento agora, conseguiremos reduzir a transmiss\u00e3o nos pr\u00f3ximos 14 a 21 dias e, com isso, evitamos o pico da doen\u00e7a no estado\u201d, ressalta.<\/p>\n<p><strong>Hospital de Campanha<\/strong><\/p>\n<p>Amaral ressaltou que a estrutura do Hospital de Campanha foi planejada e dimensionada para ser uma unidade de baixa complexidade, a ser acionada em momentos avan\u00e7ados da epidemia.<\/p>\n<p>\u201cNesse momento, em que\u00a0identificamos um aumento de casos, ainda temos a capacidade de recrutar leitos da rede instalada no Estado. Como o Hospital de Campanha \u00e9 uma reserva t\u00e9cnica, entendemos que\u00a0ainda\u00a0n\u00e3o \u00e9 o momento de abertura da unidade\u201d, explica.<\/p>\n<p><strong>Lockdown<\/strong><\/p>\n<p>Ao abordar a institui\u00e7\u00e3o de a\u00e7\u00f5es de maior restri\u00e7\u00e3o de circula\u00e7\u00e3o de pessoas e de funcionamento de atividades, como\u00a0<em>lockdown<\/em>, o secret\u00e1rio adjunto de Sa\u00fade de Minas Gerais, Marcelo Cabral, sinalizou que a imposi\u00e7\u00e3o da medida poder\u00e1 ser realizada em regi\u00f5es espec\u00edficas, em caso de indicadores de descontrole da doen\u00e7a.<\/p>\n<p>\u201cOs protocolos para a eventualidade de lockdown j\u00e1 foram delineados e, agora, passam por ajustes. Eventualmente, as cidades que precisar\u00e3o de um lockdown ser\u00e3o aquelas que tiverem indicadores que demonstrem a necessidade dessa medida&#8221;, afirma.<\/p>\n<p>Cabral tamb\u00e9m voltou a destacar\u00a0a import\u00e2ncia da ades\u00e3o ao plano\u00a0Minas Consciente, de forma que as medidas de isolamento sejam coordenadas e possam seguir um padr\u00e3o de conduta. &#8220;Devemos lembrar que lockdown \u00e9 alternativa, n\u00e3o algo desejado. O isolamento adequado, dentro de par\u00e2metros como os previstos no Minas Consciente, evita a medida\u201d, avalia.<\/p>\n<p><strong>Respiradores<\/strong><\/p>\n<p>O secret\u00e1rio adjunto\u00a0informou que a SES-MG tem dialogado com munic\u00edpios, por meio da Comiss\u00e3o Intergestores Bipartite (CIB\/SUS) \u2014 um f\u00f3rum de discuss\u00e3o e delibera\u00e7\u00e3o no \u00e2mbito do Sistema \u00danico de Sa\u00fade \u2014,\u00a0sobre a melhor forma para realizar a distribui\u00e7\u00e3o de respiradores da maneira mais objetiva, transparente e fundamentada em evid\u00eancias cient\u00edficas e t\u00e9cnicas.<\/p>\n<p>\u201cO prop\u00f3sito \u00e9 que\u00a0fa\u00e7amos as distribui\u00e7\u00f5es desses respiradores, procurando seguir crit\u00e9rios cient\u00edficos e t\u00e9cnicos, dialogados e deliberados juntos com esses munic\u00edpios&#8221;, explica. Ele lembrou, tamb\u00e9m, a import\u00e2ncia das permanentes interlocu\u00e7\u00f5es com os prefeitos e gestores municipais, a partir dos planos de contingenciamento macrorregionais, o que representa &#8220;uma refer\u00eancia para possamos decidir e fazer essas distribui\u00e7\u00f5es\u201d, acrescenta.<\/p>\n<p>At\u00e9 o momento, o Governo de Minas j\u00e1 adquiriu 1.047 respiradores. Deste total, 500 j\u00e1 foram entregues no dia 16\/6. Do montante entregue, 420 foram adquiridos com recursos da A\u00e7\u00e3o Civil P\u00fablica movida contra a Samarco e suas controladoras (Vale e BHP), a t\u00edtulo de garantia do rompimento da barragem da mineradora em 2015, em Mariana. Os 80 respiradores restantes foram disponibilizados pelo Minist\u00e9rio da Sa\u00fade.<\/p>\n<p><strong>Fonte:\u00a0<\/strong>Ag\u00eancia Minas<\/p>\n<\/div>\n<p><\/main><\/p>\n","protected":false},"excerpt":{"rendered":"<p>A\u00a0Secretaria de Estado de Sa\u00fade (SES-MG)\u00a0refor\u00e7ou, nesta ter\u00e7a-feira (23\/6), durante coletiva virtual sobre as a\u00e7\u00f5es do Estado contra o coronav\u00edrus, a realiza\u00e7\u00e3o de estudos assistenciais e a amplia\u00e7\u00e3o dos atendimentos \u00e0 popula\u00e7\u00e3o nesse per\u00edodo. \u201cEm fevereiro, t\u00ednhamos em torno de 2\u00a0mil leitos de terapia intensiva em todo o estado. Desde ent\u00e3o, o\u00a0Governo de Minas\u00a0j\u00e1 ampliou [&hellip;]<\/p>\n","protected":false},"author":96,"featured_media":162885,"comment_status":"closed","ping_status":"closed","sticky":false,"template":"","format":"standard","meta":{"footnotes":""},"categories":[436,440,254,439],"tags":[],"class_list":["post-162884","post","type-post","status-publish","format-standard","has-post-thumbnail","hentry","category-destaque-da-semana","category-destaques-do-dia","category-politica","category-ultima-hora"],"_links":{"self":[{"href":"https:\/\/diarioregionaldigital.com.br\/index.php?rest_route=\/wp\/v2\/posts\/162884","targetHints":{"allow":["GET"]}}],"collection":[{"href":"https:\/\/diarioregionaldigital.com.br\/index.php?rest_route=\/wp\/v2\/posts"}],"about":[{"href":"https:\/\/diarioregionaldigital.com.br\/index.php?rest_route=\/wp\/v2\/types\/post"}],"author":[{"embeddable":true,"href":"https:\/\/diarioregionaldigital.com.br\/index.php?rest_route=\/wp\/v2\/users\/96"}],"replies":[{"embeddable":true,"href":"https:\/\/diarioregionaldigital.com.br\/index.php?rest_route=%2Fwp%2Fv2%2Fcomments&post=162884"}],"version-history":[{"count":0,"href":"https:\/\/diarioregionaldigital.com.br\/index.php?rest_route=\/wp\/v2\/posts\/162884\/revisions"}],"wp:featuredmedia":[{"embeddable":true,"href":"https:\/\/diarioregionaldigital.com.br\/index.php?rest_route=\/wp\/v2\/media\/162885"}],"wp:attachment":[{"href":"https:\/\/diarioregionaldigital.com.br\/index.php?rest_route=%2Fwp%2Fv2%2Fmedia&parent=162884"}],"wp:term":[{"taxonomy":"category","embeddable":true,"href":"https:\/\/diarioregionaldigital.com.br\/index.php?rest_route=%2Fwp%2Fv2%2Fcategories&post=162884"},{"taxonomy":"post_tag","embeddable":true,"href":"https:\/\/diarioregionaldigital.com.br\/index.php?rest_route=%2Fwp%2Fv2%2Ftags&post=162884"}],"curies":[{"name":"wp","href":"https:\/\/api.w.org\/{rel}","templated":true}]}}