{"id":162881,"date":"2020-06-23T17:50:08","date_gmt":"2020-06-23T20:50:08","guid":{"rendered":"https:\/\/diarioregionaldigital.com.br\/?p=162881"},"modified":"2020-06-23T18:00:15","modified_gmt":"2020-06-23T21:00:15","slug":"campanha-de-vacinacao-contra-a-gripe-se-encerra-na-proxima-semana","status":"publish","type":"post","link":"https:\/\/diarioregionaldigital.com.br\/?p=162881","title":{"rendered":"Popula\u00e7\u00e3o de Juiz de Fora tem at\u00e9 a pr\u00f3xima ter\u00e7a-feira para vacinar contra a Gripe"},"content":{"rendered":"<p><span style=\"font-weight: 400;\">A Campanha Nacional de Vacina\u00e7\u00e3o Contra a Influenza, entra em sua \u00faltima semana de vig\u00eancia e ser\u00e1 encerrada na pr\u00f3xima ter\u00e7a-feira (30) em Juiz de Fora. J\u00e1 foram imunizadas 16.547 crian\u00e7as (50,41%), 2.464 gestantes (52,49%), 14.268 adultos (49,46%), 587 pu\u00e9rperas (76,04%), 26.156 profissionais de sa\u00fade (114,78%) e 83.801 idosos (117,19%). Neste p\u00fablico foram aplicadas 143.823 doses, chegando ao percentual de 89,09% de cobertura vacinal no Munic\u00edpio.<\/span><\/p>\n<p><span style=\"font-weight: 400;\">Nesta reta final de campanha, a vacina\u00e7\u00e3o estar\u00e1 dispon\u00edvel para o p\u00fablico-alvo citado anteriormente e as doses est\u00e3o dispon\u00edveis nas 63 unidades b\u00e1sicas de Sa\u00fade (UBSs), Pronto Atendimento M\u00e9dico (PAM-Marechal) ou Departamento de Sa\u00fade da Mulher, Crian\u00e7a e do Adolescente (DSMCA). A imuniza\u00e7\u00e3o ofertada \u00e9 a trivalente, que protege contra os tr\u00eas subtipos do influenza: H1N1, H3N2 e B; no entanto ela n\u00e3o garante imunidade contra o Coronav\u00edrus.<\/span><\/p>\n<p><b>Cobertura em outros p\u00fablicos<\/b><\/p>\n<p><span style=\"font-weight: 400;\">Segundo informa\u00e7\u00f5es da Secretaria de Sa\u00fade (SS) da Prefeitura de Juiz de Fora (PJF), a vacina foi aplicada em 25.290 pessoas com comorbidades, 197 em deficientes f\u00edsicos, 1.613 na popula\u00e7\u00e3o privada de liberdade, 872 em funcion\u00e1rios do sistema prisional, 4.604 em professores, 4.413 em servidores das for\u00e7as de seguran\u00e7a e salvamento, 2.095 em caminhoneiros e 1.975 em trabalhadores do transporte coletivo.\u00a0<\/span><\/p>\n<p><span style=\"font-weight: 400;\">Os dados do grupo citado n\u00e3o contam na estat\u00edstica de cobertura, uma vez que n\u00e3o \u00e9 considerado p\u00fablico-alvo pelo Minist\u00e9rio da Sa\u00fade.<\/span><\/p>\n<p><b>Hor\u00e1rios de vacina\u00e7\u00e3o, de segunda a sexta-feira<\/b><\/p>\n<p><b>UBSs:<\/b><span style=\"font-weight: 400;\"> 8 horas \u00e0s 10h30 e 13 horas \u00e0s 16h30<\/span><\/p>\n<p><b>DSMCA:<\/b><span style=\"font-weight: 400;\"> 8h30 \u00e0s 15h30, na Rua S\u00e3o Sebasti\u00e3o, 772, Centro. Neste posto, a vacina est\u00e1 dispon\u00edvel somente para crian\u00e7as (seis meses a menores de seis anos), gestantes e pu\u00e9rperas<\/span><\/p>\n<p><b>PAM Marechal:<\/b><span style=\"font-weight: 400;\"> 8 horas \u00e0s 16h30<\/span><\/p>\n","protected":false},"excerpt":{"rendered":"<p>A Campanha Nacional de Vacina\u00e7\u00e3o Contra a Influenza, entra em sua \u00faltima semana de vig\u00eancia e ser\u00e1 encerrada na pr\u00f3xima ter\u00e7a-feira (30) em Juiz de Fora. J\u00e1 foram imunizadas 16.547 crian\u00e7as (50,41%), 2.464 gestantes (52,49%), 14.268 adultos (49,46%), 587 pu\u00e9rperas (76,04%), 26.156 profissionais de sa\u00fade (114,78%) e 83.801 idosos (117,19%). Neste p\u00fablico foram aplicadas 143.823 [&hellip;]<\/p>\n","protected":false},"author":96,"featured_media":162882,"comment_status":"closed","ping_status":"closed","sticky":false,"template":"","format":"standard","meta":{"footnotes":""},"categories":[253,436,439],"tags":[],"class_list":["post-162881","post","type-post","status-publish","format-standard","has-post-thumbnail","hentry","category-cidade","category-destaque-da-semana","category-ultima-hora"],"_links":{"self":[{"href":"https:\/\/diarioregionaldigital.com.br\/index.php?rest_route=\/wp\/v2\/posts\/162881","targetHints":{"allow":["GET"]}}],"collection":[{"href":"https:\/\/diarioregionaldigital.com.br\/index.php?rest_route=\/wp\/v2\/posts"}],"about":[{"href":"https:\/\/diarioregionaldigital.com.br\/index.php?rest_route=\/wp\/v2\/types\/post"}],"author":[{"embeddable":true,"href":"https:\/\/diarioregionaldigital.com.br\/index.php?rest_route=\/wp\/v2\/users\/96"}],"replies":[{"embeddable":true,"href":"https:\/\/diarioregionaldigital.com.br\/index.php?rest_route=%2Fwp%2Fv2%2Fcomments&post=162881"}],"version-history":[{"count":0,"href":"https:\/\/diarioregionaldigital.com.br\/index.php?rest_route=\/wp\/v2\/posts\/162881\/revisions"}],"wp:featuredmedia":[{"embeddable":true,"href":"https:\/\/diarioregionaldigital.com.br\/index.php?rest_route=\/wp\/v2\/media\/162882"}],"wp:attachment":[{"href":"https:\/\/diarioregionaldigital.com.br\/index.php?rest_route=%2Fwp%2Fv2%2Fmedia&parent=162881"}],"wp:term":[{"taxonomy":"category","embeddable":true,"href":"https:\/\/diarioregionaldigital.com.br\/index.php?rest_route=%2Fwp%2Fv2%2Fcategories&post=162881"},{"taxonomy":"post_tag","embeddable":true,"href":"https:\/\/diarioregionaldigital.com.br\/index.php?rest_route=%2Fwp%2Fv2%2Ftags&post=162881"}],"curies":[{"name":"wp","href":"https:\/\/api.w.org\/{rel}","templated":true}]}}