{"id":162878,"date":"2020-06-23T17:24:39","date_gmt":"2020-06-23T20:24:39","guid":{"rendered":"https:\/\/diarioregionaldigital.com.br\/?p=162878"},"modified":"2020-06-23T17:24:39","modified_gmt":"2020-06-23T20:24:39","slug":"prorrogacao-dos-mandatos-de-diretores-das-escolas-municipais-e-a-suspensao-de-gastos-com-publicidade-sao-apresentadas-para-tramite-na-camara","status":"publish","type":"post","link":"https:\/\/diarioregionaldigital.com.br\/?p=162878","title":{"rendered":"Prorroga\u00e7\u00e3o dos mandatos de diretores das escolas municipais e a suspens\u00e3o de gastos com publicidade s\u00e3o apresentadas para tr\u00e2mite na C\u00e2mara"},"content":{"rendered":"<p><span style=\"font-weight: 400;\">O vereador J\u00falio Obama Jr. (PODE) apresentou, na \u00faltima semana, dois projetos relacionados ao enfrentamento da pandemia, que come\u00e7am a tramitar pelas Comiss\u00f5es da Casa. O primeiro deles se refere \u00e0 prorroga\u00e7\u00e3o do mandato dos diretores das escolas p\u00fablicas municipais. Pelo projeto de lei, que entrou nos tr\u00e2mites do Poder Legislativo, os atuais diretores ficar\u00e3o no cargo at\u00e9 31 de dezembro de 2021. O outro PL disp\u00f5e sobre a suspens\u00e3o de gastos da administra\u00e7\u00e3o p\u00fablica dos Poderes Executivo e Legislativo com publicidade e propaganda institucionais. Se aprovado, a suspens\u00e3o deve ocorrer at\u00e9 o fim das medidas de calamidade p\u00fablica. Um dos pontos do projeto determina a n\u00e3o admiss\u00e3o de novos servidores nos quadros da Administra\u00e7\u00e3o P\u00fablica em \u00e1reas n\u00e3o essenciais ao combate \u00e0 pandemia at\u00e9 que a situa\u00e7\u00e3o financeira se normalize.\u00a0<\/span><\/p>\n<p><span style=\"font-weight: 400;\">Quanto \u00e0 prorroga\u00e7\u00e3o dos mandatos de diretores e vice-diretores escolares, Obama explica que a medida tem o intuito de garantir a continuidade do trabalho j\u00e1 em desenvolvimento durante o contexto de emerg\u00eancia na sa\u00fade p\u00fablica, \u201cque indubitavelmente tamb\u00e9m afeta a \u00e1rea da educa\u00e7\u00e3o, uma vez que as aulas foram suspensas\u201d. Ao final do mandato, os diretores e vice-diretores em exerc\u00edcio dever\u00e3o apresentar \u00e0 Secretaria Municipal de Educa\u00e7\u00e3o, no final deste ano, um relat\u00f3rio sobre a situa\u00e7\u00e3o da escola e uma proposta de trabalho para o prazo prorrogado.<\/span><\/p>\n<p><span style=\"font-weight: 400;\">J\u00e1 a segunda proposta do vereador, que suspende os gastos com publicidade e propaganda, prev\u00ea exce\u00e7\u00e3o para as campanhas que orientem a popula\u00e7\u00e3o sobre as medidas necess\u00e1rias aos cuidados com a sa\u00fade; \u00e0 preserva\u00e7\u00e3o das institui\u00e7\u00f5es do Estado Democr\u00e1tico de Direito; e aquelas relacionadas a ordem e seguran\u00e7a p\u00fablicas. De acordo com o documento apresentado, \u201c\u00e9 natural que os entes federativos acabem optando por, neste momento, n\u00e3o admitir novos servidores nos quadros da Administra\u00e7\u00e3o P\u00fablica em \u00e1reas n\u00e3o essenciais ao combate \u00e0 pandemia, at\u00e9 que a situa\u00e7\u00e3o financeira se normalize. \u00c9 uma quest\u00e3o de justi\u00e7a e de efici\u00eancia administrativa a suspens\u00e3o dos gastos com publicidade, enquanto durar ao estado de calamidade p\u00fablica\u201d.\u00a0<\/span><\/p>\n<p><strong>Fonte:<\/strong> Assessoria<\/p>\n","protected":false},"excerpt":{"rendered":"<p>O vereador J\u00falio Obama Jr. (PODE) apresentou, na \u00faltima semana, dois projetos relacionados ao enfrentamento da pandemia, que come\u00e7am a tramitar pelas Comiss\u00f5es da Casa. O primeiro deles se refere \u00e0 prorroga\u00e7\u00e3o do mandato dos diretores das escolas p\u00fablicas municipais. Pelo projeto de lei, que entrou nos tr\u00e2mites do Poder Legislativo, os atuais diretores ficar\u00e3o [&hellip;]<\/p>\n","protected":false},"author":96,"featured_media":162879,"comment_status":"closed","ping_status":"closed","sticky":false,"template":"","format":"standard","meta":{"footnotes":""},"categories":[436,254,439],"tags":[],"class_list":["post-162878","post","type-post","status-publish","format-standard","has-post-thumbnail","hentry","category-destaque-da-semana","category-politica","category-ultima-hora"],"_links":{"self":[{"href":"https:\/\/diarioregionaldigital.com.br\/index.php?rest_route=\/wp\/v2\/posts\/162878","targetHints":{"allow":["GET"]}}],"collection":[{"href":"https:\/\/diarioregionaldigital.com.br\/index.php?rest_route=\/wp\/v2\/posts"}],"about":[{"href":"https:\/\/diarioregionaldigital.com.br\/index.php?rest_route=\/wp\/v2\/types\/post"}],"author":[{"embeddable":true,"href":"https:\/\/diarioregionaldigital.com.br\/index.php?rest_route=\/wp\/v2\/users\/96"}],"replies":[{"embeddable":true,"href":"https:\/\/diarioregionaldigital.com.br\/index.php?rest_route=%2Fwp%2Fv2%2Fcomments&post=162878"}],"version-history":[{"count":0,"href":"https:\/\/diarioregionaldigital.com.br\/index.php?rest_route=\/wp\/v2\/posts\/162878\/revisions"}],"wp:featuredmedia":[{"embeddable":true,"href":"https:\/\/diarioregionaldigital.com.br\/index.php?rest_route=\/wp\/v2\/media\/162879"}],"wp:attachment":[{"href":"https:\/\/diarioregionaldigital.com.br\/index.php?rest_route=%2Fwp%2Fv2%2Fmedia&parent=162878"}],"wp:term":[{"taxonomy":"category","embeddable":true,"href":"https:\/\/diarioregionaldigital.com.br\/index.php?rest_route=%2Fwp%2Fv2%2Fcategories&post=162878"},{"taxonomy":"post_tag","embeddable":true,"href":"https:\/\/diarioregionaldigital.com.br\/index.php?rest_route=%2Fwp%2Fv2%2Ftags&post=162878"}],"curies":[{"name":"wp","href":"https:\/\/api.w.org\/{rel}","templated":true}]}}