{"id":162875,"date":"2020-06-23T16:41:25","date_gmt":"2020-06-23T19:41:25","guid":{"rendered":"https:\/\/diarioregionaldigital.com.br\/?p=162875"},"modified":"2020-06-23T16:41:25","modified_gmt":"2020-06-23T19:41:25","slug":"pcmg-prende-suspeito-de-matar-crianca-de-dois-anos","status":"publish","type":"post","link":"https:\/\/diarioregionaldigital.com.br\/?p=162875","title":{"rendered":"PCMG prende suspeito de matar crian\u00e7a de dois anos"},"content":{"rendered":"<p><span style=\"font-weight: 400;\">A Pol\u00edcia Civil de Minas Gerais (PCMG), capturou na segunda-feira (22) na cidade de Cabo Frio (RJ), um homem de 30 anos, foragido da Justi\u00e7a, suspeito de matar uma crian\u00e7a de dois anos, crime ocorrido em maio de 2018 em Juiz de Fora. A<\/span><span style=\"font-weight: 400;\"> crian\u00e7a estava no colo da m\u00e3e, 21, tamb\u00e9m alvejada. O alvo do ataque era um jovem, 24, que acabou baleado. <\/span><span style=\"font-weight: 400;\">O autor do crime tinha dois mandados de pris\u00e3o por homic\u00eddio em aberto.<\/span><\/p>\n<p><span style=\"font-weight: 400;\">A pris\u00e3o foi efetuada no Bairro Braga, ap\u00f3s monitoramento realizado por agentes dos setores de Intelig\u00eancia do 4\u00ba Departamento de Pol\u00edcia Civil em Juiz de Fora, da PCMG, e da Delegacia Especializada em Armas, Muni\u00e7\u00f5es e Explosivos da Pol\u00edcia Civil (Desarme), da PCERJ. As dilig\u00eancias foram coordenadas pelo titular da Delegacia Especializada de Homic\u00eddios em Juiz de Fora e Coordenador da Ag\u00eancia de Intelig\u00eancia Policial do 4\u00ba Departamento, Rodrigo Ribeiro Rolli, e pelo Delegado Rodrigo Coelho, que atua na Desarme.<\/span><\/p>\n<p><span style=\"font-weight: 400;\">Conforme Rodrigo Rolli, lembra de uma outra opera\u00e7\u00e3o feita fora de Juiz de Fora e que a PCMG tem se empenhado cada vez mais no aperfei\u00e7oamento dos trabalhos nas opera\u00e7\u00f5es:<\/span><\/p>\n<p><span style=\"font-weight: 400;\">\u201cEstamos agora em uma nova etapa dentro da Delegacia de Homic\u00eddios, buscando autores que se encontram foragidos em outros estados, n\u00e3o s\u00f3 em Juiz de Fora, vide dois casos recentes: um na cidade do Rio de Janeiro, onde uma mulher e um homem foram presos a cerca de um m\u00eas atr\u00e1s, e agora este na cidade de Cabo Frio. Essa \u00e9 uma nova etapa demonstrando que a Pol\u00edcia Civil vem buscando cada vez mais aperfei\u00e7oar seu trabalho na quest\u00e3o da Delegacia de Homic\u00eddios e agora juntamente com o Setor de Intelig\u00eancia do 4\u00ba Departamento, para que a gente possa dar resposta efetiva, que a sociedade merece.\u201d<\/span><\/p>\n<p><span style=\"font-weight: 400;\">O chefe do 4\u00ba Departamento de Juiz de Fora, Gustavo Ad\u00e9lio Lara, parabenizou a todos os policiais que trabalharam na opera\u00e7\u00e3o e parabeniza aos setores da Delegacia de Homic\u00eddios, bem como \u00e0 Delegacia da Pol\u00edcia Civil do Rio de Janeiro, ao Poder Judici\u00e1rio de Minas Gerais e Minist\u00e9rio P\u00fablico:<\/span><\/p>\n<p><span style=\"font-weight: 400;\">\u201cAgradecer como sempre, a participa\u00e7\u00e3o do Doutor Armando Avolio Neto que \u00e9 o nosso regional, que enviou policiais para a cidade de Cabo Frio, juntamente com a Pol\u00edcia Civil do Estado do Rio de Janeiro. Agradecer tamb\u00e9m ao Poder Judici\u00e1rio de Minas Gerais, na pessoa do Dr. Paulo Trist\u00e3o, e o Dr. Helvio Sim\u00f5es, representando o Minist\u00e9rio P\u00fablico. Quero deixar sempre bem claro, que a nossa pol\u00edcia judici\u00e1ria, aqui do 4\u00ba Departamento e em toda sua regi\u00e3o, est\u00e1 trabalhando sempre em prol da seguran\u00e7a do cidad\u00e3o de bem\u201d.<\/span><\/p>\n<p><span style=\"font-weight: 400;\">O Delegado Regional de Juiz de Fora, Armando Avolio Neto, ressalta que a opera\u00e7\u00e3o foi bem-sucedida e que a PCMG n\u00e3o tem divisas:<\/span><\/p>\n<p><span style=\"font-weight: 400;\">\u201cAtrav\u00e9s de levantamentos do servi\u00e7o de intelig\u00eancia do 4\u00ba Departamento e da Regional de Juiz de Fora, n\u00f3s conseguimos localizar um foragido da Justi\u00e7a. Isso prova que a PCMG n\u00e3o possui divisas, onde n\u00f3s retiramos de circula\u00e7\u00e3o, mais um autor de homic\u00eddio aqui em Juiz de Fora, demonstrando que a PCMG est\u00e1 trabalhando para manter a paz social na cidade\u201d finaliza.<\/span><\/p>\n","protected":false},"excerpt":{"rendered":"<p>A Pol\u00edcia Civil de Minas Gerais (PCMG), capturou na segunda-feira (22) na cidade de Cabo Frio (RJ), um homem de 30 anos, foragido da Justi\u00e7a, suspeito de matar uma crian\u00e7a de dois anos, crime ocorrido em maio de 2018 em Juiz de Fora. A crian\u00e7a estava no colo da m\u00e3e, 21, tamb\u00e9m alvejada. O alvo [&hellip;]<\/p>\n","protected":false},"author":96,"featured_media":162876,"comment_status":"closed","ping_status":"closed","sticky":false,"template":"","format":"standard","meta":{"footnotes":""},"categories":[301,436,440,439],"tags":[],"class_list":["post-162875","post","type-post","status-publish","format-standard","has-post-thumbnail","hentry","category-artigos-policiais","category-destaque-da-semana","category-destaques-do-dia","category-ultima-hora"],"_links":{"self":[{"href":"https:\/\/diarioregionaldigital.com.br\/index.php?rest_route=\/wp\/v2\/posts\/162875","targetHints":{"allow":["GET"]}}],"collection":[{"href":"https:\/\/diarioregionaldigital.com.br\/index.php?rest_route=\/wp\/v2\/posts"}],"about":[{"href":"https:\/\/diarioregionaldigital.com.br\/index.php?rest_route=\/wp\/v2\/types\/post"}],"author":[{"embeddable":true,"href":"https:\/\/diarioregionaldigital.com.br\/index.php?rest_route=\/wp\/v2\/users\/96"}],"replies":[{"embeddable":true,"href":"https:\/\/diarioregionaldigital.com.br\/index.php?rest_route=%2Fwp%2Fv2%2Fcomments&post=162875"}],"version-history":[{"count":0,"href":"https:\/\/diarioregionaldigital.com.br\/index.php?rest_route=\/wp\/v2\/posts\/162875\/revisions"}],"wp:featuredmedia":[{"embeddable":true,"href":"https:\/\/diarioregionaldigital.com.br\/index.php?rest_route=\/wp\/v2\/media\/162876"}],"wp:attachment":[{"href":"https:\/\/diarioregionaldigital.com.br\/index.php?rest_route=%2Fwp%2Fv2%2Fmedia&parent=162875"}],"wp:term":[{"taxonomy":"category","embeddable":true,"href":"https:\/\/diarioregionaldigital.com.br\/index.php?rest_route=%2Fwp%2Fv2%2Fcategories&post=162875"},{"taxonomy":"post_tag","embeddable":true,"href":"https:\/\/diarioregionaldigital.com.br\/index.php?rest_route=%2Fwp%2Fv2%2Ftags&post=162875"}],"curies":[{"name":"wp","href":"https:\/\/api.w.org\/{rel}","templated":true}]}}