{"id":162868,"date":"2020-06-23T15:08:48","date_gmt":"2020-06-23T18:08:48","guid":{"rendered":"https:\/\/diarioregionaldigital.com.br\/?p=162868"},"modified":"2020-06-23T15:08:48","modified_gmt":"2020-06-23T18:08:48","slug":"no-congresso-ministro-anuncia-que-24-da-populacao-fara-teste-de-covid-19","status":"publish","type":"post","link":"https:\/\/diarioregionaldigital.com.br\/?p=162868","title":{"rendered":"No Congresso, ministro anuncia que 24% da popula\u00e7\u00e3o far\u00e1 teste de covid-19"},"content":{"rendered":"<p><span style=\"font-weight: 400;\">O ministro interino da Sa\u00fade, general Eduardo Pazuello, informou que deve apresentar at\u00e9 esta quarta-feira (24) a estrat\u00e9gia de testagem do governo para a covid-19. O Minist\u00e9rio da Sa\u00fade pretende realizar testes para covid-19 em 12% da popula\u00e7\u00e3o na modalidade RT-PCR (molecular) e outros 12% pelo meio sorol\u00f3gico no plano de orienta\u00e7\u00e3o de testagem em massa. Ele participou nessa ter\u00e7a-feira (23) de audi\u00eancia p\u00fablica remota da comiss\u00e3o mista que acompanha as medidas do governo federal para o enfrentamento da pandemia de coronav\u00edrus.<\/span><\/p>\n<p><span style=\"font-weight: 400;\">Pazuello disse inicialmente que n\u00e3o queria \u201cdar <\/span><i><span style=\"font-weight: 400;\">spoiler<\/span><\/i><span style=\"font-weight: 400;\">\u201d, ou seja, antecipar informa\u00e7\u00f5es sobre essa estrat\u00e9gia, mas, em um segundo momento da reuni\u00e3o, pediu que o secret\u00e1rio de Vigil\u00e2ncia em Sa\u00fade, Arnaldo Correia de Medeiros, apresentasse uma explica\u00e7\u00e3o adicional. O ministro admitiu que &#8220;demorou um pouquinho&#8221; para apresentar a orienta\u00e7\u00e3o porque &#8220;precisava tirar todas as d\u00favidas para poder apresentar&#8221;.<\/span><\/p>\n<p><span style=\"font-weight: 400;\">\u201cN\u00f3s fizemos uma orienta\u00e7\u00e3o para testagem em massa e diagn\u00f3sticos. Essa orienta\u00e7\u00e3o j\u00e1 est\u00e1 pactuada, aprovada. A gente est\u00e1 com ela aqui na m\u00e3o\u201d anunciou Pazuello.<\/span><\/p>\n<p><span style=\"font-weight: 400;\">Em seguida, Medeiros informou que o Minist\u00e9rio da Sa\u00fade pretende testar 24% da popula\u00e7\u00e3o.\u00a0<\/span><\/p>\n<p><span style=\"font-weight: 400;\">\u201cNossa estrat\u00e9gia \u00e9 baseada em duas grandes frentes: na testagem tanto de RT-PCR quanto posteriormente na testagem da sorologia. N\u00f3s vamos partir, resumidamente, para cerca de 12% da popula\u00e7\u00e3o para a testagem de RT-PCR, que \u00e9 o molecular, como n\u00f3s chamamos, e, para 12% da popula\u00e7\u00e3o, na testagem da sorologia. A gente vai divulgar com detalhes todo o nosso programa, mas o principal problema, a principal miss\u00e3o que o ministro nos deu foi de agilizarmos essa testagem\u201d apontou o secret\u00e1rio.<\/span><\/p>\n<p><span style=\"font-weight: 400;\">O teste molecular (RT-PCR) \u00e9 apontado como mais preciso por infectologistas. J\u00e1 o teste sorol\u00f3gico (que engloba o popular teste r\u00e1pido) informa se o corpo teve contato com o v\u00edrus e desenvolveu prote\u00e7\u00e3o contra ele.<\/span><\/p>\n<p><b>Transpar\u00eancia<\/b><\/p>\n<p><span style=\"font-weight: 400;\">O n\u00famero de leitos dispon\u00edveis nos hospitais p\u00fablicos e privados em todo o Brasil, assim como os percentuais de ocupa\u00e7\u00e3o e a fila de espera para atendimento e outros dados estar\u00e3o dispon\u00edveis na p\u00e1gina do Minist\u00e9rio da Sa\u00fade a partir do final de semana conforme informou o ministro Eduardo Pazuello, na audi\u00eancia da comiss\u00e3o.<\/span><\/p>\n<p><span style=\"font-weight: 400;\">\u201cS\u00e3o exatamente esses tr\u00eas par\u00e2metros: os leitos dispon\u00edveis; os percentuais de leitos ocupados, ocupa\u00e7\u00e3o; a fila de espera, caso haja, para essas UTIs. Esses dados est\u00e3o sendo trabalhados j\u00e1 h\u00e1 duas semanas. Temos a previs\u00e3o de ir at\u00e9 o final da semana, \u00e9 a data para voc\u00ea ter isso no nosso [sistema] Localiza SUS [Sistema \u00danico de Sa\u00fade]. Est\u00e1 bom? J\u00e1 pode marcar. \u00c9 garantia do nosso respons\u00e1vel por isso. J\u00e1 perguntei para ele, que falou que at\u00e9 o final da semana coloca esses dados. Essa foi a primeira coisa que eu pedi. Esses s\u00e3o os dados fundamentais para a gente poder acompanhar a situa\u00e7\u00e3o naquele munic\u00edpio, naquele estado\u201d declarou Pazuello.<\/span><\/p>\n<p><span style=\"font-weight: 400;\">O ministro interino deu a garantia de que essas informa\u00e7\u00f5es estar\u00e3o dispon\u00edveis depois que o relator da comiss\u00e3o, deputado Francisco Jr. (PSD-GO) cobrou maior transpar\u00eancia nos dados de ocupa\u00e7\u00e3o das unidades de sa\u00fade.<\/span><\/p>\n<p><span style=\"font-weight: 400;\">\u201cO senhor disse que n\u00f3s teremos transpar\u00eancia infinita, e n\u00f3s entendemos que saber quantos leitos existem, quantos est\u00e3o ocupados e qual \u00e9 o tamanho da fila \u00e9 fundamental para podermos nos organizar. \u00c9 incr\u00edvel como temos dificuldade de conhecer a fila n\u00e3o somente na \u00e9poca de pandemia. E eu fa\u00e7o um apelo ao senhor: que essa transpar\u00eancia infinita seja permanente para nos deixar preparados para qualquer outro tipo de situa\u00e7\u00e3o, n\u00e3o somente na pandemia da covid-19\u201d cobrou o parlamentar.<\/span><\/p>\n<p><b>Dados epidemiol\u00f3gicos<\/b><\/p>\n<p><span style=\"font-weight: 400;\">Deputados e senadores tamb\u00e9m questionaram o ministro sobre as mudan\u00e7as na forma de divulga\u00e7\u00e3o dos dados de mortes e de pessoas infectadas pela covid-19. A senadora Eliziane Gama (Cidadania-MA) indagou Eduardo Pazuello sobre a aus\u00eancia de entrevistas coletivas di\u00e1rias em meio \u00e0 pandemia da covid-19.<\/span><\/p>\n<p><span style=\"font-weight: 400;\">\u201cQuanto a coletivas di\u00e1rias, a gente realmente objetiva ter coletivas mais consistentes. A gente precisa ter mais dados, assuntos mais relevantes para tratar numa coletiva. Quando a gente para gestores no n\u00edvel do ministro e dos secret\u00e1rios, n\u00f3s estamos tirando o pessoal do trabalho, tirando o pessoal da produ\u00e7\u00e3o. Por isso \u00e9 que a gente diminuiu um pouco a rotina, mas estamos prontos para responder a qualquer motivo, a qualquer momento. E as nossas coletivas ser\u00e3o sempre muito t\u00e9cnicas e com as respostas a qualquer pergunta\u201d afirmou o ministro.<\/span><\/p>\n<p><span style=\"font-weight: 400;\">Com rela\u00e7\u00e3o \u00e0 divulga\u00e7\u00e3o dos dados acumulados sobre a pandemia de covid-19, o ministro enfatizou que n\u00e3o houve qualquer perda de transpar\u00eancia. No in\u00edcio do m\u00eas, o governo federal excluiu os dados relativos ao total de pessoas infectadas e mortas por covid-19 e passou a divulgar apenas os n\u00fameros das \u00faltimas 24 horas. Uma decis\u00e3o do ministro Alexandre de Moraes, do Supremo Tribunal Federal (STF), obrigou a retomada da divulga\u00e7\u00e3o dos dados acumulados.<\/span><\/p>\n<p><span style=\"font-weight: 400;\">\u201cQuanto aos dados epidemiol\u00f3gicos, eu acredito que a gente n\u00e3o mudou nada. \u00c9 s\u00f3 transpar\u00eancia e aprofundamento de dados. Todos os modelos anteriores est\u00e3o mantidos. Os n\u00fameros do registro n\u00e3o s\u00e3o mut\u00e1veis. Ent\u00e3o, n\u00e3o h\u00e1 como mudar, como mexer em n\u00fameros. Esse \u00e9 um dado. O que se prop\u00f4s, e eu j\u00e1 concordei com os deputados, \u00e9 que n\u00f3s tiv\u00e9ssemos tamb\u00e9m apresentado uma curva, para, em vez de colocar todos os registros juntos naquela data, colocar outra visualiza\u00e7\u00e3o agora, tamb\u00e9m por sugest\u00e3o dos deputados, para que a gente tivesse outro modelo de gr\u00e1fico, mostrando a data do \u00f3bito, para que o gestor possa acompanhar o resultado das suas a\u00e7\u00f5es naquele momento\u201d justificou.\u00a0<\/span><\/p>\n<p><b>Reabertura<\/b><\/p>\n<p><span style=\"font-weight: 400;\">Indagado por deputados e senadores sobre a retomada da abertura de atividades sociais e econ\u00f4micas, Pazuello disse que a decis\u00e3o cabe a estados e munic\u00edpios. Segundo o ministro, \u201ccabem ao governo federal as observa\u00e7\u00f5es macro e as a\u00e7\u00f5es espec\u00edficas de estruturas federais\u201d.<\/span><\/p>\n<p><span style=\"font-weight: 400;\">\u201cQuem decide no final \u00e9 o gestor do munic\u00edpio ou do estado, ponto. \u00c9 a decis\u00e3o final dele. As orienta\u00e7\u00f5es do governo federal com rela\u00e7\u00e3o a isso, em termos de essencialidade, se \u00e9 essencial ou n\u00e3o aquela atividade, \u00e9 uma discuss\u00e3o da Casa Civil e do Minist\u00e9rio da Economia. N\u00f3s nos colocamos ali apresentando as nossas observa\u00e7\u00f5es sobre os crit\u00e9rios, as medidas preventivas de afastamento, de higiene\u201d afirmou.<\/span><\/p>\n<p><b>Interinidade<\/b><\/p>\n<p><span style=\"font-weight: 400;\">No comando da pasta desde o dia 15 de maio quando Nelson Teich anunciou sua sa\u00edda do governo, Pazuello foi nomeado ministro interino da Sa\u00fade. Questionado pelo deputado Luiz Carlos Motta (PL-SP) sobre a possibilidade de permanecer no cargo, o general comentou sua &#8220;interinidade permanente&#8221; \u00e0 frente do Minist\u00e9rio da Sa\u00fade.<\/span><\/p>\n<p><span style=\"font-weight: 400;\">\u201cEu n\u00e3o sei o tempo que o presidente quer que eu fique na miss\u00e3o e eu estou dispon\u00edvel para ele pelo tempo que for necess\u00e1rio. Meu compromisso foi para vir ajudar a combater a pandemia, ajudar a organizar, estruturar o Minist\u00e9rio da melhor forma poss\u00edvel, fazer funcionar, colocar pessoas com os perfis corretos. Existe a op\u00e7\u00e3o de o presidente determinar e querer que eu fique fazendo esse trabalho\u201d disse Pazuello \u00e0 comiss\u00e3o mista, que \u00e9 presidida pelo senador Conf\u00facio Moura (MDB-RO).<\/span><\/p>\n<p><strong>Fonte:<\/strong> Ag\u00eancia Senado<\/p>\n","protected":false},"excerpt":{"rendered":"<p>O ministro interino da Sa\u00fade, general Eduardo Pazuello, informou que deve apresentar at\u00e9 esta quarta-feira (24) a estrat\u00e9gia de testagem do governo para a covid-19. O Minist\u00e9rio da Sa\u00fade pretende realizar testes para covid-19 em 12% da popula\u00e7\u00e3o na modalidade RT-PCR (molecular) e outros 12% pelo meio sorol\u00f3gico no plano de orienta\u00e7\u00e3o de testagem em [&hellip;]<\/p>\n","protected":false},"author":96,"featured_media":162869,"comment_status":"closed","ping_status":"closed","sticky":false,"template":"","format":"standard","meta":{"footnotes":""},"categories":[436,440,254,439],"tags":[],"class_list":["post-162868","post","type-post","status-publish","format-standard","has-post-thumbnail","hentry","category-destaque-da-semana","category-destaques-do-dia","category-politica","category-ultima-hora"],"_links":{"self":[{"href":"https:\/\/diarioregionaldigital.com.br\/index.php?rest_route=\/wp\/v2\/posts\/162868","targetHints":{"allow":["GET"]}}],"collection":[{"href":"https:\/\/diarioregionaldigital.com.br\/index.php?rest_route=\/wp\/v2\/posts"}],"about":[{"href":"https:\/\/diarioregionaldigital.com.br\/index.php?rest_route=\/wp\/v2\/types\/post"}],"author":[{"embeddable":true,"href":"https:\/\/diarioregionaldigital.com.br\/index.php?rest_route=\/wp\/v2\/users\/96"}],"replies":[{"embeddable":true,"href":"https:\/\/diarioregionaldigital.com.br\/index.php?rest_route=%2Fwp%2Fv2%2Fcomments&post=162868"}],"version-history":[{"count":0,"href":"https:\/\/diarioregionaldigital.com.br\/index.php?rest_route=\/wp\/v2\/posts\/162868\/revisions"}],"wp:featuredmedia":[{"embeddable":true,"href":"https:\/\/diarioregionaldigital.com.br\/index.php?rest_route=\/wp\/v2\/media\/162869"}],"wp:attachment":[{"href":"https:\/\/diarioregionaldigital.com.br\/index.php?rest_route=%2Fwp%2Fv2%2Fmedia&parent=162868"}],"wp:term":[{"taxonomy":"category","embeddable":true,"href":"https:\/\/diarioregionaldigital.com.br\/index.php?rest_route=%2Fwp%2Fv2%2Fcategories&post=162868"},{"taxonomy":"post_tag","embeddable":true,"href":"https:\/\/diarioregionaldigital.com.br\/index.php?rest_route=%2Fwp%2Fv2%2Ftags&post=162868"}],"curies":[{"name":"wp","href":"https:\/\/api.w.org\/{rel}","templated":true}]}}