{"id":162862,"date":"2020-06-23T14:47:28","date_gmt":"2020-06-23T17:47:28","guid":{"rendered":"https:\/\/diarioregionaldigital.com.br\/?p=162862"},"modified":"2020-06-23T14:47:28","modified_gmt":"2020-06-23T17:47:28","slug":"tenista-servio-novak-djokovic-testa-positivo-para-coronavirus","status":"publish","type":"post","link":"https:\/\/diarioregionaldigital.com.br\/?p=162862","title":{"rendered":"Tenista s\u00e9rvio Novak Djokovic testa positivo para Coronav\u00edrus"},"content":{"rendered":"<p><span style=\"font-weight: 400;\">O tenista s\u00e9rvio, Novak Djokovic, testou positivo para Coronav\u00edrus, ap\u00f3s organizar o torneio \u201cAdria Tour\u201d, sem protocolos de seguran\u00e7a de preven\u00e7\u00e3o \u00e0 doen\u00e7a. Diante disso, \u00e9 o quarto atleta inscrito na competi\u00e7\u00e3o a testar positivo, juntando-se a <\/span><span style=\"font-weight: 400;\">Grigor Dimitrov, Borna Coric e<\/span> <span style=\"font-weight: 400;\">Viktor Troicki.<\/span><\/p>\n<p><span style=\"font-weight: 400;\">A referida competi\u00e7\u00e3o foi organizada em Belgrado (S\u00e9rvia) e Zadar (Cro\u00e1cia) e contou com eventos promocionais, nos quais os tenistas jogaram basquete, futebol e participaram em festas. Al\u00e9m disso, o evento foi aberto ao p\u00fablico, no entanto a maioria n\u00e3o utilizava m\u00e1scaras, item essencial para conter a propaga\u00e7\u00e3o do Covid-19.<\/span><\/p>\n<p><span style=\"font-weight: 400;\">O atleta divulgou em seu site oficial que n\u00e3o apresenta sintomas da doen\u00e7a e todos os seus parentes e membros das equipes da \u201cAdria Tour\u201d tamb\u00e9m foram testados:<\/span><\/p>\n<p><i><span style=\"font-weight: 400;\">\u201cNo momento em que chegamos a Belgrado, fomos testados. Meu resultado \u00e9 positivo, assim como o de Jelena, enquanto os resultados de nossos filhos s\u00e3o negativos.<\/span><\/i><\/p>\n<p><i><span style=\"font-weight: 400;\">Tudo o que fizemos no m\u00eas passado, fizemos com cora\u00e7\u00e3o puro e inten\u00e7\u00f5es sinceras. Nosso torneio teve como objetivo unir e compartilhar uma mensagem de solidariedade e compaix\u00e3o em toda a regi\u00e3o.<\/span><\/i><\/p>\n<p><i><span style=\"font-weight: 400;\">O Tour foi projetado para ajudar os jogadores de t\u00eanis estabelecidos e futuros do Sudeste da Europa a obter acesso a algum t\u00eanis competitivo enquanto os v\u00e1rios passeios est\u00e3o em espera devido \u00e0 situa\u00e7\u00e3o do COVID-19.<\/span><\/i><\/p>\n<p><i><span style=\"font-weight: 400;\">Tudo nasceu com uma id\u00e9ia filantr\u00f3pica, de direcionar todos os fundos arrecadados para as pessoas carentes e me emocionou ver como todos reagiram fortemente a isso.<\/span><\/i><\/p>\n<p><i><span style=\"font-weight: 400;\">Organizamos o torneio no momento em que o v\u00edrus enfraqueceu, acreditando que as condi\u00e7\u00f5es para sediar o Tour haviam sido cumpridas.<\/span><\/i><\/p>\n<p><i><span style=\"font-weight: 400;\">Infelizmente, esse v\u00edrus ainda est\u00e1 presente e \u00e9 uma nova realidade que ainda estamos aprendendo a lidar e conviver.<\/span><\/i><\/p>\n<p><i><span style=\"font-weight: 400;\">Espero que as coisas diminuam com o tempo, para que todos possamos retomar vidas como eram.<\/span><\/i><\/p>\n<p><i><span style=\"font-weight: 400;\">Sinto muito por cada caso individual de infec\u00e7\u00e3o. Espero que isso n\u00e3o complique a situa\u00e7\u00e3o de sa\u00fade de ningu\u00e9m e que todos fiquem bem.<\/span><\/i><\/p>\n<p><i><span style=\"font-weight: 400;\">Vou permanecer em auto-isolamento pelos pr\u00f3ximos 14 dias e repetir o teste em cinco dias. \u201d<\/span><\/i><\/p>\n","protected":false},"excerpt":{"rendered":"<p>O tenista s\u00e9rvio, Novak Djokovic, testou positivo para Coronav\u00edrus, ap\u00f3s organizar o torneio \u201cAdria Tour\u201d, sem protocolos de seguran\u00e7a de preven\u00e7\u00e3o \u00e0 doen\u00e7a. Diante disso, \u00e9 o quarto atleta inscrito na competi\u00e7\u00e3o a testar positivo, juntando-se a Grigor Dimitrov, Borna Coric e Viktor Troicki. A referida competi\u00e7\u00e3o foi organizada em Belgrado (S\u00e9rvia) e Zadar (Cro\u00e1cia) [&hellip;]<\/p>\n","protected":false},"author":96,"featured_media":162863,"comment_status":"closed","ping_status":"closed","sticky":false,"template":"","format":"standard","meta":{"footnotes":""},"categories":[436,257,439],"tags":[],"class_list":["post-162862","post","type-post","status-publish","format-standard","has-post-thumbnail","hentry","category-destaque-da-semana","category-esporte","category-ultima-hora"],"_links":{"self":[{"href":"https:\/\/diarioregionaldigital.com.br\/index.php?rest_route=\/wp\/v2\/posts\/162862","targetHints":{"allow":["GET"]}}],"collection":[{"href":"https:\/\/diarioregionaldigital.com.br\/index.php?rest_route=\/wp\/v2\/posts"}],"about":[{"href":"https:\/\/diarioregionaldigital.com.br\/index.php?rest_route=\/wp\/v2\/types\/post"}],"author":[{"embeddable":true,"href":"https:\/\/diarioregionaldigital.com.br\/index.php?rest_route=\/wp\/v2\/users\/96"}],"replies":[{"embeddable":true,"href":"https:\/\/diarioregionaldigital.com.br\/index.php?rest_route=%2Fwp%2Fv2%2Fcomments&post=162862"}],"version-history":[{"count":0,"href":"https:\/\/diarioregionaldigital.com.br\/index.php?rest_route=\/wp\/v2\/posts\/162862\/revisions"}],"wp:featuredmedia":[{"embeddable":true,"href":"https:\/\/diarioregionaldigital.com.br\/index.php?rest_route=\/wp\/v2\/media\/162863"}],"wp:attachment":[{"href":"https:\/\/diarioregionaldigital.com.br\/index.php?rest_route=%2Fwp%2Fv2%2Fmedia&parent=162862"}],"wp:term":[{"taxonomy":"category","embeddable":true,"href":"https:\/\/diarioregionaldigital.com.br\/index.php?rest_route=%2Fwp%2Fv2%2Fcategories&post=162862"},{"taxonomy":"post_tag","embeddable":true,"href":"https:\/\/diarioregionaldigital.com.br\/index.php?rest_route=%2Fwp%2Fv2%2Ftags&post=162862"}],"curies":[{"name":"wp","href":"https:\/\/api.w.org\/{rel}","templated":true}]}}