{"id":162859,"date":"2020-06-23T14:31:30","date_gmt":"2020-06-23T17:31:30","guid":{"rendered":"https:\/\/diarioregionaldigital.com.br\/?p=162859"},"modified":"2020-06-23T14:31:30","modified_gmt":"2020-06-23T17:31:30","slug":"justica-determina-penhora-de-mais-de-r142-milhoes-nas-contas-do-cruzeiro","status":"publish","type":"post","link":"https:\/\/diarioregionaldigital.com.br\/?p=162859","title":{"rendered":"Justi\u00e7a determina penhora de mais de R$142 milh\u00f5es nas contas do Cruzeiro"},"content":{"rendered":"<p><span style=\"font-weight: 400;\">A <\/span><span style=\"font-weight: 400;\">36\u00aa Vara C\u00edvel da Comarca de Belo Horizonte, sobe decis\u00e3o do juiz Marcelo Paulo Salgado, determinou penhora no valor de R$142.443,18 nas contas do Cruzeiro. A d\u00edvida foi formulada pela empresa Brazil Soccer Sports Management, pertencente ao empres\u00e1rio Eduardo Uram, devido a acordo n\u00e3o cumprido pelo clube, referente \u00e0 contrata\u00e7\u00e3o do atacante Rafael Marques em 2017.<\/span><\/p>\n<p><span style=\"font-weight: 400;\">O empres\u00e1rio teria direito ao valor de R$200 mil referente \u00e0 transa\u00e7\u00e3o envolvendo o Cruzeiro e Palmeiras. O valor citado seria dividido em 12 parcelas e que seriam pagas de junho de 2017 a maio de 2018. Segundo a Brazil Soccer Sports Management, o Cruzeiro teria pago somente as tr\u00eas primeiras presta\u00e7\u00f5es e diante disso, o clube foi acionado na Justi\u00e7a em 2018. At\u00e9 ent\u00e3o o valor somava R$173.291,45. A empresa relata que o atual valor da d\u00edvida totaliza <\/span><span style=\"font-weight: 400;\">R$142.443,18<\/span><\/p>\n<p><b>Acordo com Rafael Marques<\/b><\/p>\n<p><span style=\"font-weight: 400;\">O atacante chegou ao Cruzeiro em 2017, ap\u00f3s conquistar os t\u00edtulos da Copa do Brasil 2015 e Campeonato Brasileiro 2016 pelo Palmeiras. O atleta foi envolvido em uma transa\u00e7\u00e3o junto com o lateral-direito Mayke que foi para o clube paulista.\u00a0<\/span><\/p>\n<p><span style=\"font-weight: 400;\">Em abril de 2019, rescindiu contrato com o Cruzeiro e se transferiu o Sport. Atualmente, ele est\u00e1 no Ventforet Kofu, do Jap\u00e3o.<\/span><\/p>\n","protected":false},"excerpt":{"rendered":"<p>A 36\u00aa Vara C\u00edvel da Comarca de Belo Horizonte, sobe decis\u00e3o do juiz Marcelo Paulo Salgado, determinou penhora no valor de R$142.443,18 nas contas do Cruzeiro. A d\u00edvida foi formulada pela empresa Brazil Soccer Sports Management, pertencente ao empres\u00e1rio Eduardo Uram, devido a acordo n\u00e3o cumprido pelo clube, referente \u00e0 contrata\u00e7\u00e3o do atacante Rafael Marques [&hellip;]<\/p>\n","protected":false},"author":96,"featured_media":162860,"comment_status":"closed","ping_status":"closed","sticky":false,"template":"","format":"standard","meta":{"footnotes":""},"categories":[436,257,439],"tags":[],"class_list":["post-162859","post","type-post","status-publish","format-standard","has-post-thumbnail","hentry","category-destaque-da-semana","category-esporte","category-ultima-hora"],"_links":{"self":[{"href":"https:\/\/diarioregionaldigital.com.br\/index.php?rest_route=\/wp\/v2\/posts\/162859","targetHints":{"allow":["GET"]}}],"collection":[{"href":"https:\/\/diarioregionaldigital.com.br\/index.php?rest_route=\/wp\/v2\/posts"}],"about":[{"href":"https:\/\/diarioregionaldigital.com.br\/index.php?rest_route=\/wp\/v2\/types\/post"}],"author":[{"embeddable":true,"href":"https:\/\/diarioregionaldigital.com.br\/index.php?rest_route=\/wp\/v2\/users\/96"}],"replies":[{"embeddable":true,"href":"https:\/\/diarioregionaldigital.com.br\/index.php?rest_route=%2Fwp%2Fv2%2Fcomments&post=162859"}],"version-history":[{"count":0,"href":"https:\/\/diarioregionaldigital.com.br\/index.php?rest_route=\/wp\/v2\/posts\/162859\/revisions"}],"wp:featuredmedia":[{"embeddable":true,"href":"https:\/\/diarioregionaldigital.com.br\/index.php?rest_route=\/wp\/v2\/media\/162860"}],"wp:attachment":[{"href":"https:\/\/diarioregionaldigital.com.br\/index.php?rest_route=%2Fwp%2Fv2%2Fmedia&parent=162859"}],"wp:term":[{"taxonomy":"category","embeddable":true,"href":"https:\/\/diarioregionaldigital.com.br\/index.php?rest_route=%2Fwp%2Fv2%2Fcategories&post=162859"},{"taxonomy":"post_tag","embeddable":true,"href":"https:\/\/diarioregionaldigital.com.br\/index.php?rest_route=%2Fwp%2Fv2%2Ftags&post=162859"}],"curies":[{"name":"wp","href":"https:\/\/api.w.org\/{rel}","templated":true}]}}