{"id":162857,"date":"2020-06-23T11:25:24","date_gmt":"2020-06-23T14:25:24","guid":{"rendered":"https:\/\/diarioregionaldigital.com.br\/?p=162857"},"modified":"2020-06-23T11:25:24","modified_gmt":"2020-06-23T14:25:24","slug":"autor-e-preso-ao-entrar-em-confronto-com-policiais-militares","status":"publish","type":"post","link":"https:\/\/diarioregionaldigital.com.br\/?p=162857","title":{"rendered":"Autor \u00e9 preso ao entrar em confronto com policiais militares"},"content":{"rendered":"<p>Ap\u00f3s roubar uma mulher de 32 anos no centro de Juiz de Fora, um homem de 32 anos, foi preso na manh\u00e3 de segunda-feira (22), ao entrar em confronto com a Pol\u00edcia Militar (PM). Antes do confronto, o autor havia abordado a v\u00edtima e fez amea\u00e7as contra a mesma. Temendo pelo pior, a v\u00edtima entregou a bolsa e a PM foi acionada. Durante rastreamento, o autor notou a presen\u00e7a da viatura e pulou o muro da Defesa Civil. Logo em seguida tomou posse de um peda\u00e7o de madeira e entrou em confronto contra os militares.<\/p>\n<p>Para conter agress\u00e3o do autor, um dos policiais efetuou o disparo mas n\u00e3o atingiu o alvo, no entanto o indiv\u00edduo foi encaminhado para o Hospital Pronto Socorro (HPS). Foram constatadas les\u00f5es leves, pois o mesmo ficou ferido devido aos estilha\u00e7os do proj\u00e9til. Diante dos fatos, a v\u00edtima teve sua bolsa recuperada e o autor foi preso em flagrante.<\/p>\n","protected":false},"excerpt":{"rendered":"<p>Ap\u00f3s roubar uma mulher de 32 anos no centro de Juiz de Fora, um homem de 32 anos, foi preso na manh\u00e3 de segunda-feira (22), ao entrar em confronto com a Pol\u00edcia Militar (PM). Antes do confronto, o autor havia abordado a v\u00edtima e fez amea\u00e7as contra a mesma. Temendo pelo pior, a v\u00edtima entregou [&hellip;]<\/p>\n","protected":false},"author":96,"featured_media":161269,"comment_status":"closed","ping_status":"closed","sticky":false,"template":"","format":"standard","meta":{"footnotes":""},"categories":[301,436,439],"tags":[],"class_list":["post-162857","post","type-post","status-publish","format-standard","has-post-thumbnail","hentry","category-artigos-policiais","category-destaque-da-semana","category-ultima-hora"],"_links":{"self":[{"href":"https:\/\/diarioregionaldigital.com.br\/index.php?rest_route=\/wp\/v2\/posts\/162857","targetHints":{"allow":["GET"]}}],"collection":[{"href":"https:\/\/diarioregionaldigital.com.br\/index.php?rest_route=\/wp\/v2\/posts"}],"about":[{"href":"https:\/\/diarioregionaldigital.com.br\/index.php?rest_route=\/wp\/v2\/types\/post"}],"author":[{"embeddable":true,"href":"https:\/\/diarioregionaldigital.com.br\/index.php?rest_route=\/wp\/v2\/users\/96"}],"replies":[{"embeddable":true,"href":"https:\/\/diarioregionaldigital.com.br\/index.php?rest_route=%2Fwp%2Fv2%2Fcomments&post=162857"}],"version-history":[{"count":0,"href":"https:\/\/diarioregionaldigital.com.br\/index.php?rest_route=\/wp\/v2\/posts\/162857\/revisions"}],"wp:featuredmedia":[{"embeddable":true,"href":"https:\/\/diarioregionaldigital.com.br\/index.php?rest_route=\/wp\/v2\/media\/161269"}],"wp:attachment":[{"href":"https:\/\/diarioregionaldigital.com.br\/index.php?rest_route=%2Fwp%2Fv2%2Fmedia&parent=162857"}],"wp:term":[{"taxonomy":"category","embeddable":true,"href":"https:\/\/diarioregionaldigital.com.br\/index.php?rest_route=%2Fwp%2Fv2%2Fcategories&post=162857"},{"taxonomy":"post_tag","embeddable":true,"href":"https:\/\/diarioregionaldigital.com.br\/index.php?rest_route=%2Fwp%2Fv2%2Ftags&post=162857"}],"curies":[{"name":"wp","href":"https:\/\/api.w.org\/{rel}","templated":true}]}}