{"id":162854,"date":"2020-06-23T11:13:50","date_gmt":"2020-06-23T14:13:50","guid":{"rendered":"https:\/\/diarioregionaldigital.com.br\/?p=162854"},"modified":"2020-06-23T11:13:50","modified_gmt":"2020-06-23T14:13:50","slug":"omc-diz-que-queda-recorde-no-comercio-poderia-ter-sido-pior","status":"publish","type":"post","link":"https:\/\/diarioregionaldigital.com.br\/?p=162854","title":{"rendered":"OMC diz que queda recorde no com\u00e9rcio poderia ter sido pior"},"content":{"rendered":"<p><span style=\"font-weight: 400;\">O com\u00e9rcio mundial de mercadorias caiu a uma taxa recorde nos primeiros meses do ano devido \u00e0 pandemia da covid-19, mas n\u00e3o chegou a consolidar o pior cen\u00e1rio poss\u00edvel, disse a Organiza\u00e7\u00e3o Mundial do Com\u00e9rcio (OMC) nessa ter\u00e7a-feira (23).<\/span><\/p>\n<p><span style=\"font-weight: 400;\">O \u00f3rg\u00e3o, com sede em Genebra, previa em abril que o com\u00e9rcio global de mercadorias recuaria entre 13% e 32% em 2020, n\u00fameros que o chefe da OMC descreveu como &#8220;feios&#8221;, antes de se recuperar em 21% a 24% em 2021.<\/span><\/p>\n<p><span style=\"font-weight: 400;\">De fato, o volume do com\u00e9rcio de mercadorias encolheu 3% no primeiro trimestre, informou a OMC, e as estimativas iniciais apontam para um decl\u00ednio ano a ano de 18,5% no segundo trimestre.<\/span><\/p>\n<p><span style=\"font-weight: 400;\">&#8220;A queda no com\u00e9rcio que estamos vendo agora \u00e9 historicamente grande &#8211; na verdade, seria a mais acentuada j\u00e1 registrada. Mas h\u00e1 um importante lado positivo aqui: poderia ter sido muito pior&#8221;, disse o diretor-geral da OMC, Roberto Azev\u00eado.<\/span><\/p>\n<p><span style=\"font-weight: 400;\">A OMC disse que os governos reagiram mais rapidamente do que na crise de 2008 e 2009, e o apoio \u00e0 renda incentivou os consumidores a continuarem gastando. Alguns setores, como o de autom\u00f3veis, ca\u00edram acentuadamente, mas outros, como eletr\u00f4nicos, mantiveram-se bem.<\/span><\/p>\n<p><span style=\"font-weight: 400;\">Se o com\u00e9rcio crescer 2,5% por trimestre durante o resto do ano, a proje\u00e7\u00e3o mais otimista de queda de 13% poder\u00e1 ser realizada, embora isso ainda seja pior do que no auge da crise financeira em 2009, quando o com\u00e9rcio recuou 12,5%.<\/span><\/p>\n<p><span style=\"font-weight: 400;\">No entanto, a OMC disse que o crescimento mais fraco do que o esperado, restri\u00e7\u00f5es comerciais mais amplas e uma poss\u00edvel segunda onda de infec\u00e7\u00f5es podem fazer com que a recupera\u00e7\u00e3o de 2021 decepcione.<\/span><\/p>\n<p><span style=\"font-weight: 400;\">O com\u00e9rcio poderia ent\u00e3o se recuperar apenas cerca de 5%, deixando-o bem aqu\u00e9m da situa\u00e7\u00e3o pr\u00e9-pandemia. As medidas monet\u00e1rias, fiscais e comerciais ter\u00e3o um papel significativo, disse a OMC.<\/span><\/p>\n<p><strong>Fonte:<\/strong> Ag\u00eancia Brasil<\/p>\n","protected":false},"excerpt":{"rendered":"<p>O com\u00e9rcio mundial de mercadorias caiu a uma taxa recorde nos primeiros meses do ano devido \u00e0 pandemia da covid-19, mas n\u00e3o chegou a consolidar o pior cen\u00e1rio poss\u00edvel, disse a Organiza\u00e7\u00e3o Mundial do Com\u00e9rcio (OMC) nessa ter\u00e7a-feira (23). O \u00f3rg\u00e3o, com sede em Genebra, previa em abril que o com\u00e9rcio global de mercadorias recuaria [&hellip;]<\/p>\n","protected":false},"author":96,"featured_media":162855,"comment_status":"closed","ping_status":"closed","sticky":false,"template":"","format":"standard","meta":{"footnotes":""},"categories":[436,261,439],"tags":[],"class_list":["post-162854","post","type-post","status-publish","format-standard","has-post-thumbnail","hentry","category-destaque-da-semana","category-economia","category-ultima-hora"],"_links":{"self":[{"href":"https:\/\/diarioregionaldigital.com.br\/index.php?rest_route=\/wp\/v2\/posts\/162854","targetHints":{"allow":["GET"]}}],"collection":[{"href":"https:\/\/diarioregionaldigital.com.br\/index.php?rest_route=\/wp\/v2\/posts"}],"about":[{"href":"https:\/\/diarioregionaldigital.com.br\/index.php?rest_route=\/wp\/v2\/types\/post"}],"author":[{"embeddable":true,"href":"https:\/\/diarioregionaldigital.com.br\/index.php?rest_route=\/wp\/v2\/users\/96"}],"replies":[{"embeddable":true,"href":"https:\/\/diarioregionaldigital.com.br\/index.php?rest_route=%2Fwp%2Fv2%2Fcomments&post=162854"}],"version-history":[{"count":0,"href":"https:\/\/diarioregionaldigital.com.br\/index.php?rest_route=\/wp\/v2\/posts\/162854\/revisions"}],"wp:featuredmedia":[{"embeddable":true,"href":"https:\/\/diarioregionaldigital.com.br\/index.php?rest_route=\/wp\/v2\/media\/162855"}],"wp:attachment":[{"href":"https:\/\/diarioregionaldigital.com.br\/index.php?rest_route=%2Fwp%2Fv2%2Fmedia&parent=162854"}],"wp:term":[{"taxonomy":"category","embeddable":true,"href":"https:\/\/diarioregionaldigital.com.br\/index.php?rest_route=%2Fwp%2Fv2%2Fcategories&post=162854"},{"taxonomy":"post_tag","embeddable":true,"href":"https:\/\/diarioregionaldigital.com.br\/index.php?rest_route=%2Fwp%2Fv2%2Ftags&post=162854"}],"curies":[{"name":"wp","href":"https:\/\/api.w.org\/{rel}","templated":true}]}}