{"id":162851,"date":"2020-06-23T11:09:33","date_gmt":"2020-06-23T14:09:33","guid":{"rendered":"https:\/\/diarioregionaldigital.com.br\/?p=162851"},"modified":"2020-06-23T11:09:33","modified_gmt":"2020-06-23T14:09:33","slug":"organizacao-pan-americana-de-saude-avalia-acoes-adotadas-pela-pjf-contra-covid-19","status":"publish","type":"post","link":"https:\/\/diarioregionaldigital.com.br\/?p=162851","title":{"rendered":"Organiza\u00e7\u00e3o Pan-Americana de Sa\u00fade avalia a\u00e7\u00f5es adotadas pela PJF contra covid-19"},"content":{"rendered":"<p><span style=\"font-weight: 400;\">Em visita a Minas Gerais, t\u00e9cnicos da Organiza\u00e7\u00e3o Pan-Americana de Sa\u00fade (Opas) estiveram no Munic\u00edpio na \u00faltima semana, para avaliar as estrat\u00e9gias da Prefeitura de Juiz de Fora (PJF) no enfrentamento \u00e0 covid-19. No domingo (21), por videoconfer\u00eancia, a cidade recebeu a primeira avalia\u00e7\u00e3o da equipe que conduziu a atividade. O objetivo da visita t\u00e9cnica, de acordo com a Opas, \u00e9 avaliar as estrat\u00e9gias e efic\u00e1cia das medidas adotadas em cada munic\u00edpio visitado.<\/span><\/p>\n<p><span style=\"font-weight: 400;\">Em rela\u00e7\u00e3o \u00e0 Vigil\u00e2ncia, a Opas definiu como pontos fortes apresentados pela Subsecretaria de Vigil\u00e2ncia em Sa\u00fade (SSVS) a cria\u00e7\u00e3o de formul\u00e1rio online para notifica\u00e7\u00e3o de s\u00edndrome gripal, que permite o setor respons\u00e1vel avaliar a situa\u00e7\u00e3o em tempo real; a boa intera\u00e7\u00e3o com os laborat\u00f3rios, ressaltando a parceria com a Universidade Federal de Juiz de Fora (UFJF), que viabiliza capacidade de testagem maior que em outras cidades; acesso dos laborat\u00f3rios ao sistema Gerenciador de Ambiente Laboratorial (GAL), que permite a PJF acompanhar as etapas para realiza\u00e7\u00e3o dos exames; e a investiga\u00e7\u00e3o dos casos e informes di\u00e1rios.<\/span><\/p>\n<p><span style=\"font-weight: 400;\">Na Aten\u00e7\u00e3o B\u00e1sica, os t\u00e9cnicos visitaram a Unidade B\u00e1sica de Sa\u00fade (UBS) do Bairro Furtado de Menezes. L\u00e1, conheceram a estrutura e conversaram com toda equipe (supervis\u00e3o, corpo cl\u00ednico, residentes e agentes comunit\u00e1rios de sa\u00fade). No primeiro retorno, a Opas avaliou que as unidades possuem protocolos padronizados e abrangentes para atendimento, procedimentos e visitas domiciliares, utilizam planilha padronizada para vigil\u00e2ncia de pacientes com suspeita de covid, contam com termo de autodeclara\u00e7\u00e3o e identifica\u00e7\u00e3o de contactantes, possuem comunica\u00e7\u00e3o eficiente com as equipes da Urg\u00eancia e Vigil\u00e2ncia em Sa\u00fade e realizam com regularidade a forma\u00e7\u00e3o dos profissionais (encontros semanais por videoconfer\u00eancia).<\/span><\/p>\n<p><span style=\"font-weight: 400;\">Na Urg\u00eancia e Emerg\u00eancia foram pontuados a diferencia\u00e7\u00e3o dos fluxos e espa\u00e7os para os pacientes (quarentena\/suspeitos gripais\/casos confirmados), disponibilidade de insumos, equipamentos e recursos humanos e estrutura para amplia\u00e7\u00e3o dos leitos de unidade de tratamento intensivo (UTI), sem necessidade de hospitais de campanha.<\/span><\/p>\n<p><span style=\"font-weight: 400;\">O secret\u00e1rio de Sa\u00fade de Juiz de Fora, Rodrigo Almeida, ressaltou a import\u00e2ncia desta visita e avalia\u00e7\u00e3o: \u201cA Opas \u00e9 \u00f3rg\u00e3o internacional, especializado em sa\u00fade, com vasta experi\u00eancia. Ent\u00e3o, \u00e9 de suma import\u00e2ncia esse parecer, para que possamos seguir trabalhando e aprimorando nossas a\u00e7\u00f5es\u201d.<\/span><\/p>\n<p><span style=\"font-weight: 400;\">Conduziram a visita os consultores da Opas, Rodrigo Said, Wildo Araujo, Fabiana Barini e Andre Siqueira. Relat\u00f3rio final da visita ainda ser\u00e1 enviado ao estado e Munic\u00edpio. A escolha dos avaliadores e das cidades a receberem as equipes foi definida pela Secretaria de Estado de Sa\u00fade de Minas Gerais (SES\/MG).<\/span><\/p>\n<p><strong>Fonte:<\/strong> Assessoria<\/p>\n","protected":false},"excerpt":{"rendered":"<p>Em visita a Minas Gerais, t\u00e9cnicos da Organiza\u00e7\u00e3o Pan-Americana de Sa\u00fade (Opas) estiveram no Munic\u00edpio na \u00faltima semana, para avaliar as estrat\u00e9gias da Prefeitura de Juiz de Fora (PJF) no enfrentamento \u00e0 covid-19. No domingo (21), por videoconfer\u00eancia, a cidade recebeu a primeira avalia\u00e7\u00e3o da equipe que conduziu a atividade. O objetivo da visita t\u00e9cnica, [&hellip;]<\/p>\n","protected":false},"author":96,"featured_media":162852,"comment_status":"closed","ping_status":"closed","sticky":false,"template":"","format":"standard","meta":{"footnotes":""},"categories":[253,436,440,439],"tags":[],"class_list":["post-162851","post","type-post","status-publish","format-standard","has-post-thumbnail","hentry","category-cidade","category-destaque-da-semana","category-destaques-do-dia","category-ultima-hora"],"_links":{"self":[{"href":"https:\/\/diarioregionaldigital.com.br\/index.php?rest_route=\/wp\/v2\/posts\/162851","targetHints":{"allow":["GET"]}}],"collection":[{"href":"https:\/\/diarioregionaldigital.com.br\/index.php?rest_route=\/wp\/v2\/posts"}],"about":[{"href":"https:\/\/diarioregionaldigital.com.br\/index.php?rest_route=\/wp\/v2\/types\/post"}],"author":[{"embeddable":true,"href":"https:\/\/diarioregionaldigital.com.br\/index.php?rest_route=\/wp\/v2\/users\/96"}],"replies":[{"embeddable":true,"href":"https:\/\/diarioregionaldigital.com.br\/index.php?rest_route=%2Fwp%2Fv2%2Fcomments&post=162851"}],"version-history":[{"count":0,"href":"https:\/\/diarioregionaldigital.com.br\/index.php?rest_route=\/wp\/v2\/posts\/162851\/revisions"}],"wp:featuredmedia":[{"embeddable":true,"href":"https:\/\/diarioregionaldigital.com.br\/index.php?rest_route=\/wp\/v2\/media\/162852"}],"wp:attachment":[{"href":"https:\/\/diarioregionaldigital.com.br\/index.php?rest_route=%2Fwp%2Fv2%2Fmedia&parent=162851"}],"wp:term":[{"taxonomy":"category","embeddable":true,"href":"https:\/\/diarioregionaldigital.com.br\/index.php?rest_route=%2Fwp%2Fv2%2Fcategories&post=162851"},{"taxonomy":"post_tag","embeddable":true,"href":"https:\/\/diarioregionaldigital.com.br\/index.php?rest_route=%2Fwp%2Fv2%2Ftags&post=162851"}],"curies":[{"name":"wp","href":"https:\/\/api.w.org\/{rel}","templated":true}]}}