{"id":162845,"date":"2020-06-23T10:58:59","date_gmt":"2020-06-23T13:58:59","guid":{"rendered":"https:\/\/diarioregionaldigital.com.br\/?p=162845"},"modified":"2020-06-23T10:58:59","modified_gmt":"2020-06-23T13:58:59","slug":"bc-economia-brasileira-deve-ter-forte-queda-no-primeiro-semestre","status":"publish","type":"post","link":"https:\/\/diarioregionaldigital.com.br\/?p=162845","title":{"rendered":"BC: economia brasileira deve ter forte queda no primeiro semestre"},"content":{"rendered":"<p><span style=\"font-weight: 400;\">A economia brasileira deve apresentar queda forte no primeiro semestre deste ano, seguida de recupera\u00e7\u00e3o gradual a partir do terceiro trimestre. <\/span><\/p>\n<p><span style=\"font-weight: 400;\">A previs\u00e3o \u00e9 do Banco Central (BC), que divulgou hoje (23), em Bras\u00edlia, a ata da \u00faltima reuni\u00e3o do Comit\u00ea de Pol\u00edtica Monet\u00e1ria (Copom), realizada na\u00a0 semana passada, quando o Copom reduziu a taxa b\u00e1sica de juros, a Selic, em 0,75 ponto percentual para 2,25% ao ano.<\/span><\/p>\n<p><span style=\"font-weight: 400;\">Segundo a ata, os membros do Copom (formado pela diretoria do BC) avaliaram que \u201cos dados relativos ao segundo trimestre corroboram a perspectiva de forte contra\u00e7\u00e3o do PIB (Produto Interno Bruto &#8211; a soma de todas as riquezas produzidas pelo pa\u00eds) no per\u00edodo e sugerem que a atividade atingiu o seu menor patamar em abril, havendo recupera\u00e7\u00e3o apenas parcial em maio e junho\u201d.<\/span><\/p>\n<p><span style=\"font-weight: 400;\">\u201cO Copom considera uma queda forte do PIB na primeira metade deste ano, seguida de uma recupera\u00e7\u00e3o gradual a partir do terceiro trimestre\u201d, acrescentou.<\/span><\/p>\n<p><b>Pr\u00f3ximos passos<\/b><\/p>\n<p><span style=\"font-weight: 400;\">Na ata, o Copom refor\u00e7a que um eventual futuro corte na Selic ser\u00e1 \u201cresidual\u201d. Para o Copom, a Selic chegou a um n\u00edvel muito baixo e manuten\u00e7\u00e3o da taxa depende do controle das contas p\u00fablicas.\u00a0<\/span><\/p>\n<p><span style=\"font-weight: 400;\">\u201cNeste momento, a conjuntura econ\u00f4mica prescreve est\u00edmulo monet\u00e1rio [taxa de juros baixa] extraordinariamente elevado, mas reconhece que o espa\u00e7o remanescente para a utiliza\u00e7\u00e3o de pol\u00edtica monet\u00e1ria \u00e9 incerto e deve ser pequeno.\u00a0<\/span><\/p>\n<p><span style=\"font-weight: 400;\">O comit\u00ea avaliou que a trajet\u00f3ria fiscal ao longo do pr\u00f3ximo ano e a percep\u00e7\u00e3o sobre sua sustentabilidade ser\u00e3o decisivas para determinar o prolongamento do est\u00edmulo\u201d, destaca.<\/span><\/p>\n<p><span style=\"font-weight: 400;\">Na ata, o BC disse que o comit\u00ea retomou a discuss\u00e3o sobre um potencial limite m\u00ednimo para a taxa b\u00e1sica de juros brasileira.\u00a0<\/span><\/p>\n<p><span style=\"font-weight: 400;\">\u201cPara a maioria dos membros do Copom, esse limite seria significativamente maior em economias emergentes do que em pa\u00edses desenvolvidos devido \u00e0 presen\u00e7a de um pr\u00eamio de risco [retorno adicional cobrado por investidores para aceitar correr maior grau de risco]\u201d, explicou a ata do Copom.<\/span><\/p>\n<p><span style=\"font-weight: 400;\">Para o Copom, esse pr\u00eamio de risco \u00e9 maior no Brasil, \u201cdadas a sua relativa fragilidade fiscal e as incertezas quanto \u00e0 sua trajet\u00f3ria fiscal prospectiva\u201d.\u00a0<\/span><\/p>\n<p><span style=\"font-weight: 400;\">\u201cNesse contexto, j\u00e1 estar\u00edamos pr\u00f3ximos do n\u00edvel a partir do qual redu\u00e7\u00f5es adicionais na taxa de juros poderiam ser acompanhadas de instabilidade nos pre\u00e7os de ativos e potencialmente comprometer o desempenho de alguns mercados e setores econ\u00f4micos\u201d, disse o BC.<\/span><\/p>\n<p><span style=\"font-weight: 400;\">A ata ainda afirmou que o comit\u00ea tamb\u00e9m refletiu sobre a import\u00e2ncia relativa dos componentes principais do custo de cr\u00e9dito, e ressaltou que o pr\u00eamio por liquidez parece prevalecer no momento. \u201cEsse conjunto de fatores e quest\u00f5es prudenciais justificam cautela na condu\u00e7\u00e3o da pol\u00edtica monet\u00e1ria [defini\u00e7\u00e3o da Selic]\u201d, disse a ata.<\/span><\/p>\n<p><b>Pandemia<\/b><\/p>\n<p><span style=\"font-weight: 400;\">Para os membros do Copom, o impacto da pandemia da covid-19 na economia brasileira ser\u00e1 desinflacion\u00e1rio, associado ao aumento do n\u00edvel de ociosidade da economia.\u00a0<\/span><\/p>\n<p><span style=\"font-weight: 400;\">\u201cA eleva\u00e7\u00e3o abrupta da incerteza sobre a economia deve resultar em aumento da poupan\u00e7a precaucional e consequente redu\u00e7\u00e3o significativa da demanda agregada\u201d, acrescentou.<\/span><\/p>\n<p><span style=\"font-weight: 400;\">Entretanto, o comit\u00ea ponderou que programas de est\u00edmulo credit\u00edcio e de recomposi\u00e7\u00e3o de renda t\u00eam potencial de recompor parte significativa da demanda por bens e servi\u00e7os, perdida devido aos efeitos da pandemia. \u201cCom isso, a recupera\u00e7\u00e3o da economia pode ser mais r\u00e1pida que a sugerida no cen\u00e1rio base\u201d.<\/span><\/p>\n<p><b>Estimativa de infla\u00e7\u00e3o<\/b><\/p>\n<p><span style=\"font-weight: 400;\">Na ata, o Copom destacou que as proje\u00e7\u00f5es para a infla\u00e7\u00e3o est\u00e3o abaixo da meta estabelecida pelo Conselho Monet\u00e1rio Nacional (CMN) e que devem ser perseguidas pelo Banco Central.<\/span><\/p>\n<p><span style=\"font-weight: 400;\">Para 2020, o Conselho Monet\u00e1rio Nacional (CMN) estabeleceu meta de infla\u00e7\u00e3o de 4%, com margem de toler\u00e2ncia de 1,5 ponto percentual.\u00a0<\/span><\/p>\n<p><span style=\"font-weight: 400;\">O \u00cdndice Nacional de Pre\u00e7os ao Consumidor Amplo (IPCA), portanto, n\u00e3o poder\u00e1 superar 5,5% neste ano, nem ficar abaixo de 2,5%. A meta para 2021 foi fixada em 3,75%, tamb\u00e9m com intervalo de toler\u00e2ncia de 1,5 ponto percentual.<\/span><\/p>\n<p><span style=\"font-weight: 400;\">A proje\u00e7\u00e3o do Copom \u00e9 que infla\u00e7\u00e3o pelo IPCA termine este ano em 2% e chegue a 3,2% em 2021. Esse cen\u00e1rio considera que a Selic encerrar\u00e1 2020 em 2,25% ao ano e se elevar\u00e1 at\u00e9 3% ao ano em 2021. A taxa de c\u00e2mbio ser\u00e1 de R$ 4,95.<\/span><\/p>\n<p><span style=\"font-weight: 400;\">No curto prazo, a infla\u00e7\u00e3o \u201ctende a mostrar eleva\u00e7\u00e3o refletindo, principalmente, os impactos da revers\u00e3o do comportamento dos pre\u00e7os internacionais de petr\u00f3leo e de reajustes de pre\u00e7os de itens administrados que foram postergados\u201d.<\/span><\/p>\n<p><strong>Fonte:<\/strong> Ag\u00eancia Brasil<\/p>\n","protected":false},"excerpt":{"rendered":"<p>A economia brasileira deve apresentar queda forte no primeiro semestre deste ano, seguida de recupera\u00e7\u00e3o gradual a partir do terceiro trimestre. A previs\u00e3o \u00e9 do Banco Central (BC), que divulgou hoje (23), em Bras\u00edlia, a ata da \u00faltima reuni\u00e3o do Comit\u00ea de Pol\u00edtica Monet\u00e1ria (Copom), realizada na\u00a0 semana passada, quando o Copom reduziu a taxa [&hellip;]<\/p>\n","protected":false},"author":96,"featured_media":162846,"comment_status":"closed","ping_status":"closed","sticky":false,"template":"","format":"standard","meta":{"footnotes":""},"categories":[436,261,439],"tags":[],"class_list":["post-162845","post","type-post","status-publish","format-standard","has-post-thumbnail","hentry","category-destaque-da-semana","category-economia","category-ultima-hora"],"_links":{"self":[{"href":"https:\/\/diarioregionaldigital.com.br\/index.php?rest_route=\/wp\/v2\/posts\/162845","targetHints":{"allow":["GET"]}}],"collection":[{"href":"https:\/\/diarioregionaldigital.com.br\/index.php?rest_route=\/wp\/v2\/posts"}],"about":[{"href":"https:\/\/diarioregionaldigital.com.br\/index.php?rest_route=\/wp\/v2\/types\/post"}],"author":[{"embeddable":true,"href":"https:\/\/diarioregionaldigital.com.br\/index.php?rest_route=\/wp\/v2\/users\/96"}],"replies":[{"embeddable":true,"href":"https:\/\/diarioregionaldigital.com.br\/index.php?rest_route=%2Fwp%2Fv2%2Fcomments&post=162845"}],"version-history":[{"count":0,"href":"https:\/\/diarioregionaldigital.com.br\/index.php?rest_route=\/wp\/v2\/posts\/162845\/revisions"}],"wp:featuredmedia":[{"embeddable":true,"href":"https:\/\/diarioregionaldigital.com.br\/index.php?rest_route=\/wp\/v2\/media\/162846"}],"wp:attachment":[{"href":"https:\/\/diarioregionaldigital.com.br\/index.php?rest_route=%2Fwp%2Fv2%2Fmedia&parent=162845"}],"wp:term":[{"taxonomy":"category","embeddable":true,"href":"https:\/\/diarioregionaldigital.com.br\/index.php?rest_route=%2Fwp%2Fv2%2Fcategories&post=162845"},{"taxonomy":"post_tag","embeddable":true,"href":"https:\/\/diarioregionaldigital.com.br\/index.php?rest_route=%2Fwp%2Fv2%2Ftags&post=162845"}],"curies":[{"name":"wp","href":"https:\/\/api.w.org\/{rel}","templated":true}]}}