{"id":162842,"date":"2020-06-23T10:41:52","date_gmt":"2020-06-23T13:41:52","guid":{"rendered":"https:\/\/diarioregionaldigital.com.br\/?p=162842"},"modified":"2020-06-23T10:41:52","modified_gmt":"2020-06-23T13:41:52","slug":"covid-19-novo-boletim-aponta-720-mortes-confirmadas-em-minas-gerais","status":"publish","type":"post","link":"https:\/\/diarioregionaldigital.com.br\/?p=162842","title":{"rendered":"Covid-19: novo boletim aponta 720 mortes confirmadas em Minas Gerais"},"content":{"rendered":"<p>O <a href=\"https:\/\/www.saude.mg.gov.br\/images\/noticias_e_eventos\/000_2020\/jun-jul-ago\/23-06_Boletim_Epidemiologico_COVID-19.pdf\">boletim<\/a> divulgado hoje (23) pela Secretaria de Estado da Sa\u00fade de Minas Gerais (SES-MG), indica aumento de 688 para 720 mortes confirmadas por Coronav\u00edrus no estado de Minas Gerais. Os casos confirmados tiveram aumento de 28.918 para 29.897 e 17.295 pacientes est\u00e3o recuperados da doen\u00e7a.<\/p>\n<p>Conforme o boletim, 11.882 pacientes est\u00e3o sob acompanhamento m\u00e9dico e at\u00e9 ent\u00e3o foram feitos 33.427 testes laboratoriais, sendo que 4.868 deram positivo, 27.313 deram negativo e 857 est\u00e3o sob an\u00e1lise.<\/p>\n<p>Confira abaixo a tabela completa com os \u00f3bitos confirmados no estado:<\/p>\n<p><a href=\"https:\/\/diarioregionaldigital.com.br\/wp-content\/uploads\/2020\/06\/23-06-OBITOS_CONF_COVID-19_MG.xls\">23-06-OBITOS_CONF_COVID-19_MG<\/a><\/p>\n","protected":false},"excerpt":{"rendered":"<p>O boletim divulgado hoje (23) pela Secretaria de Estado da Sa\u00fade de Minas Gerais (SES-MG), indica aumento de 688 para 720 mortes confirmadas por Coronav\u00edrus no estado de Minas Gerais. Os casos confirmados tiveram aumento de 28.918 para 29.897 e 17.295 pacientes est\u00e3o recuperados da doen\u00e7a. Conforme o boletim, 11.882 pacientes est\u00e3o sob acompanhamento m\u00e9dico [&hellip;]<\/p>\n","protected":false},"author":96,"featured_media":161997,"comment_status":"closed","ping_status":"closed","sticky":false,"template":"","format":"standard","meta":{"footnotes":""},"categories":[436,440,252,439],"tags":[],"class_list":["post-162842","post","type-post","status-publish","format-standard","has-post-thumbnail","hentry","category-destaque-da-semana","category-destaques-do-dia","category-regiao","category-ultima-hora"],"_links":{"self":[{"href":"https:\/\/diarioregionaldigital.com.br\/index.php?rest_route=\/wp\/v2\/posts\/162842","targetHints":{"allow":["GET"]}}],"collection":[{"href":"https:\/\/diarioregionaldigital.com.br\/index.php?rest_route=\/wp\/v2\/posts"}],"about":[{"href":"https:\/\/diarioregionaldigital.com.br\/index.php?rest_route=\/wp\/v2\/types\/post"}],"author":[{"embeddable":true,"href":"https:\/\/diarioregionaldigital.com.br\/index.php?rest_route=\/wp\/v2\/users\/96"}],"replies":[{"embeddable":true,"href":"https:\/\/diarioregionaldigital.com.br\/index.php?rest_route=%2Fwp%2Fv2%2Fcomments&post=162842"}],"version-history":[{"count":0,"href":"https:\/\/diarioregionaldigital.com.br\/index.php?rest_route=\/wp\/v2\/posts\/162842\/revisions"}],"wp:featuredmedia":[{"embeddable":true,"href":"https:\/\/diarioregionaldigital.com.br\/index.php?rest_route=\/wp\/v2\/media\/161997"}],"wp:attachment":[{"href":"https:\/\/diarioregionaldigital.com.br\/index.php?rest_route=%2Fwp%2Fv2%2Fmedia&parent=162842"}],"wp:term":[{"taxonomy":"category","embeddable":true,"href":"https:\/\/diarioregionaldigital.com.br\/index.php?rest_route=%2Fwp%2Fv2%2Fcategories&post=162842"},{"taxonomy":"post_tag","embeddable":true,"href":"https:\/\/diarioregionaldigital.com.br\/index.php?rest_route=%2Fwp%2Fv2%2Ftags&post=162842"}],"curies":[{"name":"wp","href":"https:\/\/api.w.org\/{rel}","templated":true}]}}