{"id":162827,"date":"2020-06-23T06:00:14","date_gmt":"2020-06-23T09:00:14","guid":{"rendered":"https:\/\/diarioregionaldigital.com.br\/?p=162827"},"modified":"2020-06-23T00:17:33","modified_gmt":"2020-06-23T03:17:33","slug":"prefeitura-municipal-de-tocantins-processo-no057-23-06-2020","status":"publish","type":"post","link":"https:\/\/diarioregionaldigital.com.br\/?p=162827","title":{"rendered":"Prefeitura Municipal de Tocantins &#8211; Processo n\u00ba057 &#8211; 23\/06\/2020"},"content":{"rendered":"<p style=\"text-align: center;\"><strong>PREFEITURA MUNICIPAL DE TOCANTINS\/MG<\/strong><\/p>\n<p style=\"text-align: center;\"><strong>Processo n\u00b0 057\/2020<\/strong><\/p>\n<p style=\"text-align: center;\"><strong>Dispensa n\u00b0 024\/2020<\/strong><\/p>\n<p style=\"text-align: center;\"><strong>RATIFICA\u00c7\u00c3O<\/strong><\/p>\n<p style=\"text-align: center;\">O Prefeito Municipal de TOCANTINS\/MG, no uso de suas atribui\u00e7\u00f5es legais, com fulcro art. 24, inciso IV da Lei n\u00b0 8.666\/93 e suas posteriores altera\u00e7\u00f5es, pelo presente ato, RATIFICA A DISPENSA DE 5 (CINCO) DI\u00c1RIA DE SERVI\u00c7O DE TRIO EL\u00c9TRICO COM LOCUTOR PARA DIVULGA\u00c7\u00c3O AO VIVO DE LONGO ALCANCE DAS INFORMA\u00c7\u00d5ES PARA A CAMPANHA DE CONSCIENTIZA\u00c7\u00c3O DOS EMPREENDEDORES E DE TODA A POPULA\u00c7\u00c3O SOBRE ADES\u00c3O DO MUNIC\u00cdPIO AO PROGRAMA MINAS CONSCIENTE COMO FORMA DE FORTALECIMENTO DAS A\u00c7\u00d5ES DE PREVEN\u00c7\u00c3O CONTRA O CORONA V\u00cdRUS (COVID-19).<\/p>\n<p style=\"text-align: center;\"><strong>PYRASOM LTDA-ME &#8211; CNPJ: 05.531.797\/0001-77<\/strong>,Valor Total de R$ 7.500,00 (sete mil e quinhentos reais)<\/p>\n<p style=\"text-align: center;\">TOCANTINS, 26 de Maio de 2020.<\/p>\n<p style=\"text-align: center;\">\u00a0<strong>Ieder Washington de Oliveira &#8211; Prefeito Municipal.<\/strong><\/p>\n","protected":false},"excerpt":{"rendered":"<p>PREFEITURA MUNICIPAL DE TOCANTINS\/MG Processo n\u00b0 057\/2020 Dispensa n\u00b0 024\/2020 RATIFICA\u00c7\u00c3O O Prefeito Municipal de TOCANTINS\/MG, no uso de suas atribui\u00e7\u00f5es legais, com fulcro art. 24, inciso IV da Lei n\u00b0 8.666\/93 e suas posteriores altera\u00e7\u00f5es, pelo presente ato, RATIFICA A DISPENSA DE 5 (CINCO) DI\u00c1RIA DE SERVI\u00c7O DE TRIO EL\u00c9TRICO COM LOCUTOR PARA DIVULGA\u00c7\u00c3O [&hellip;]<\/p>\n","protected":false},"author":96,"featured_media":0,"comment_status":"closed","ping_status":"closed","sticky":false,"template":"","format":"standard","meta":{"footnotes":""},"categories":[307],"tags":[],"class_list":["post-162827","post","type-post","status-publish","format-standard","hentry","category-editais"],"_links":{"self":[{"href":"https:\/\/diarioregionaldigital.com.br\/index.php?rest_route=\/wp\/v2\/posts\/162827","targetHints":{"allow":["GET"]}}],"collection":[{"href":"https:\/\/diarioregionaldigital.com.br\/index.php?rest_route=\/wp\/v2\/posts"}],"about":[{"href":"https:\/\/diarioregionaldigital.com.br\/index.php?rest_route=\/wp\/v2\/types\/post"}],"author":[{"embeddable":true,"href":"https:\/\/diarioregionaldigital.com.br\/index.php?rest_route=\/wp\/v2\/users\/96"}],"replies":[{"embeddable":true,"href":"https:\/\/diarioregionaldigital.com.br\/index.php?rest_route=%2Fwp%2Fv2%2Fcomments&post=162827"}],"version-history":[{"count":0,"href":"https:\/\/diarioregionaldigital.com.br\/index.php?rest_route=\/wp\/v2\/posts\/162827\/revisions"}],"wp:attachment":[{"href":"https:\/\/diarioregionaldigital.com.br\/index.php?rest_route=%2Fwp%2Fv2%2Fmedia&parent=162827"}],"wp:term":[{"taxonomy":"category","embeddable":true,"href":"https:\/\/diarioregionaldigital.com.br\/index.php?rest_route=%2Fwp%2Fv2%2Fcategories&post=162827"},{"taxonomy":"post_tag","embeddable":true,"href":"https:\/\/diarioregionaldigital.com.br\/index.php?rest_route=%2Fwp%2Fv2%2Ftags&post=162827"}],"curies":[{"name":"wp","href":"https:\/\/api.w.org\/{rel}","templated":true}]}}