{"id":162805,"date":"2020-06-22T20:29:47","date_gmt":"2020-06-22T23:29:47","guid":{"rendered":"https:\/\/diarioregionaldigital.com.br\/?p=162805"},"modified":"2020-06-22T20:29:47","modified_gmt":"2020-06-22T23:29:47","slug":"pm-encontra-armas-de-fogo-escondidas-em-residencia-no-vila-ideal","status":"publish","type":"post","link":"https:\/\/diarioregionaldigital.com.br\/?p=162805","title":{"rendered":"PM encontra armas de fogo escondidas em resid\u00eancia no Vila Ideal"},"content":{"rendered":"<p>A Pol\u00edcia Militar (PM), recebeu den\u00fancia de populares, sobre indiv\u00edduos que estariam fazendo disparos com arma de fogo no Vila Ideal. Com informa\u00e7\u00f5es em m\u00e3os, os militares se deslocaram at\u00e9 o local, no entanto os indiv\u00edduos fugiram antes da chegada da guarni\u00e7\u00e3o. Os policiais realizaram buscas pelo im\u00f3vel e encontraram um rev\u00f3lver calibre 22 cano longo, um rev\u00f3lver calibre 22 cano curto, um rev\u00f3lver calibre 22, 23 muni\u00e7\u00f5es calibre 22, duas muni\u00e7\u00f5es calibre 32 e duas muni\u00e7\u00f5es calibre 40.<\/p>\n<p>At\u00e9 ent\u00e3o os autores n\u00e3o foram localizados e os materiais foram encaminhados para a Delegacia.<\/p>\n","protected":false},"excerpt":{"rendered":"<p>A Pol\u00edcia Militar (PM), recebeu den\u00fancia de populares, sobre indiv\u00edduos que estariam fazendo disparos com arma de fogo no Vila Ideal. Com informa\u00e7\u00f5es em m\u00e3os, os militares se deslocaram at\u00e9 o local, no entanto os indiv\u00edduos fugiram antes da chegada da guarni\u00e7\u00e3o. Os policiais realizaram buscas pelo im\u00f3vel e encontraram um rev\u00f3lver calibre 22 cano [&hellip;]<\/p>\n","protected":false},"author":96,"featured_media":162807,"comment_status":"closed","ping_status":"closed","sticky":false,"template":"","format":"standard","meta":{"footnotes":""},"categories":[301,436,439],"tags":[],"class_list":["post-162805","post","type-post","status-publish","format-standard","has-post-thumbnail","hentry","category-artigos-policiais","category-destaque-da-semana","category-ultima-hora"],"_links":{"self":[{"href":"https:\/\/diarioregionaldigital.com.br\/index.php?rest_route=\/wp\/v2\/posts\/162805","targetHints":{"allow":["GET"]}}],"collection":[{"href":"https:\/\/diarioregionaldigital.com.br\/index.php?rest_route=\/wp\/v2\/posts"}],"about":[{"href":"https:\/\/diarioregionaldigital.com.br\/index.php?rest_route=\/wp\/v2\/types\/post"}],"author":[{"embeddable":true,"href":"https:\/\/diarioregionaldigital.com.br\/index.php?rest_route=\/wp\/v2\/users\/96"}],"replies":[{"embeddable":true,"href":"https:\/\/diarioregionaldigital.com.br\/index.php?rest_route=%2Fwp%2Fv2%2Fcomments&post=162805"}],"version-history":[{"count":0,"href":"https:\/\/diarioregionaldigital.com.br\/index.php?rest_route=\/wp\/v2\/posts\/162805\/revisions"}],"wp:featuredmedia":[{"embeddable":true,"href":"https:\/\/diarioregionaldigital.com.br\/index.php?rest_route=\/wp\/v2\/media\/162807"}],"wp:attachment":[{"href":"https:\/\/diarioregionaldigital.com.br\/index.php?rest_route=%2Fwp%2Fv2%2Fmedia&parent=162805"}],"wp:term":[{"taxonomy":"category","embeddable":true,"href":"https:\/\/diarioregionaldigital.com.br\/index.php?rest_route=%2Fwp%2Fv2%2Fcategories&post=162805"},{"taxonomy":"post_tag","embeddable":true,"href":"https:\/\/diarioregionaldigital.com.br\/index.php?rest_route=%2Fwp%2Fv2%2Ftags&post=162805"}],"curies":[{"name":"wp","href":"https:\/\/api.w.org\/{rel}","templated":true}]}}