{"id":162802,"date":"2020-06-22T19:34:04","date_gmt":"2020-06-22T22:34:04","guid":{"rendered":"https:\/\/diarioregionaldigital.com.br\/?p=162802"},"modified":"2020-06-22T19:34:04","modified_gmt":"2020-06-22T22:34:04","slug":"covid-19-brasil-chega-a-11-milhao-de-casos-e-512-mil-mortes","status":"publish","type":"post","link":"https:\/\/diarioregionaldigital.com.br\/?p=162802","title":{"rendered":"Covid-19: Brasil chega a 1,1 milh\u00e3o de casos e 51,2 mil mortes"},"content":{"rendered":"<p>O Brasil teve 654 novas mortes por covid-19 registradas nas \u00faltimas 24h, de acordo com atualiza\u00e7\u00e3o do Minist\u00e9rio da Sa\u00fade divulgada\u00a0hoje\u00a0(22). Com esse\u00a0acr\u00e9scimo\u00a0\u00e0s estat\u00edsticas, o pa\u00eds chegou a 51.217 \u00f3bitos\u00a0em fun\u00e7\u00e3o da pandemia do novo coronav\u00edrus.<img decoding=\"async\" src=\"https:\/\/agenciabrasil.ebc.com.br\/ebc.png?id=1310070&amp;o=node\" \/><\/p>\n<p>A atualiza\u00e7\u00e3o di\u00e1ria traz um aumento de 1,1% no n\u00famero de \u00f3bitos em rela\u00e7\u00e3o a\u00a0ontem(21), quando o total estava em 50.617.<\/p>\n<p>O balan\u00e7o tamb\u00e9m teve 21.432 novos casos registrados, totalizando 1.106.470. O acr\u00e9scimo de pessoas infectadas marcou uma varia\u00e7\u00e3o de 1,9% sobre o n\u00famero de\u00a0ontem, quando os dados do minist\u00e9rio\u00a0registravam 1,085 milh\u00e3o de pessoas infectadas.<\/p>\n<p>Do total, 483.550 pacientes est\u00e3o em observa\u00e7\u00e3o, 571.649 foram recuperados e 3.912 mortes est\u00e3o em investiga\u00e7\u00e3o.<\/p>\n<p>Os estados com maior n\u00famero de \u00f3bitos s\u00e3o S\u00e3o Paulo (12.634), Rio\u00a0de Janeiro\u00a0(8.933), Cear\u00e1 (5.604), Par\u00e1 (4.605) e Pernambuco (4.252). Tamb\u00e9m apresentam\u00a0altos \u00edndices de v\u00edtimas\u00a0da pandemia os estados do\u00a0Amazonas (2.671), Maranh\u00e3o (1.760), Bahia (1.441), Esp\u00edrito Santo (1.362), Alagoas (903) e Para\u00edba (784).<\/p>\n<p>Os estados com mais casos confirmados da doen\u00e7a s\u00e3o S\u00e3o Paulo (221.973), Rio\u00a0de Janeiro\u00a0(97.572), Cear\u00e1 (94.158), Par\u00e1 (86.020) e Maranh\u00e3o (70.689).<\/p>\n<p><strong>Fonte:\u00a0<\/strong>Ag\u00eancia Brasil<\/p>\n","protected":false},"excerpt":{"rendered":"<p>O Brasil teve 654 novas mortes por covid-19 registradas nas \u00faltimas 24h, de acordo com atualiza\u00e7\u00e3o do Minist\u00e9rio da Sa\u00fade divulgada\u00a0hoje\u00a0(22). Com esse\u00a0acr\u00e9scimo\u00a0\u00e0s estat\u00edsticas, o pa\u00eds chegou a 51.217 \u00f3bitos\u00a0em fun\u00e7\u00e3o da pandemia do novo coronav\u00edrus. A atualiza\u00e7\u00e3o di\u00e1ria traz um aumento de 1,1% no n\u00famero de \u00f3bitos em rela\u00e7\u00e3o a\u00a0ontem(21), quando o total estava [&hellip;]<\/p>\n","protected":false},"author":96,"featured_media":162803,"comment_status":"closed","ping_status":"closed","sticky":false,"template":"","format":"standard","meta":{"footnotes":""},"categories":[302,436,440,439],"tags":[],"class_list":["post-162802","post","type-post","status-publish","format-standard","has-post-thumbnail","hentry","category-brasil-mundo","category-destaque-da-semana","category-destaques-do-dia","category-ultima-hora"],"_links":{"self":[{"href":"https:\/\/diarioregionaldigital.com.br\/index.php?rest_route=\/wp\/v2\/posts\/162802","targetHints":{"allow":["GET"]}}],"collection":[{"href":"https:\/\/diarioregionaldigital.com.br\/index.php?rest_route=\/wp\/v2\/posts"}],"about":[{"href":"https:\/\/diarioregionaldigital.com.br\/index.php?rest_route=\/wp\/v2\/types\/post"}],"author":[{"embeddable":true,"href":"https:\/\/diarioregionaldigital.com.br\/index.php?rest_route=\/wp\/v2\/users\/96"}],"replies":[{"embeddable":true,"href":"https:\/\/diarioregionaldigital.com.br\/index.php?rest_route=%2Fwp%2Fv2%2Fcomments&post=162802"}],"version-history":[{"count":0,"href":"https:\/\/diarioregionaldigital.com.br\/index.php?rest_route=\/wp\/v2\/posts\/162802\/revisions"}],"wp:featuredmedia":[{"embeddable":true,"href":"https:\/\/diarioregionaldigital.com.br\/index.php?rest_route=\/wp\/v2\/media\/162803"}],"wp:attachment":[{"href":"https:\/\/diarioregionaldigital.com.br\/index.php?rest_route=%2Fwp%2Fv2%2Fmedia&parent=162802"}],"wp:term":[{"taxonomy":"category","embeddable":true,"href":"https:\/\/diarioregionaldigital.com.br\/index.php?rest_route=%2Fwp%2Fv2%2Fcategories&post=162802"},{"taxonomy":"post_tag","embeddable":true,"href":"https:\/\/diarioregionaldigital.com.br\/index.php?rest_route=%2Fwp%2Fv2%2Ftags&post=162802"}],"curies":[{"name":"wp","href":"https:\/\/api.w.org\/{rel}","templated":true}]}}