{"id":162799,"date":"2020-06-22T19:32:26","date_gmt":"2020-06-22T22:32:26","guid":{"rendered":"https:\/\/diarioregionaldigital.com.br\/?p=162799"},"modified":"2020-06-22T19:32:46","modified_gmt":"2020-06-22T22:32:46","slug":"motorista-de-aplicativo-e-preso-por-transportar-drogas","status":"publish","type":"post","link":"https:\/\/diarioregionaldigital.com.br\/?p=162799","title":{"rendered":"Motorista de aplicativo \u00e9 preso por transportar drogas, junto com tr\u00eas adolescentes"},"content":{"rendered":"<p>A Pol\u00edcia Militar (PM), realizava a Opera\u00e7\u00e3o Batida Policial, quando avistou um ve\u00edculo branco, com ocupantes em atitude suspeita. Durante abordagem, foram encontrados<br \/>\num frasco contendo 22 pedras de subst\u00e2ncia semelhante a crack, uma bucha de maconha e quantia de R$ 350,00 em dinheiro. Em busca no interior do ve\u00edculo foram encontradas duas por\u00e7\u00f5es de maconha.<\/p>\n<p>Durante busca pessoal no motorista, foi encontrada a quantia de R$ 230,00 em dinheiro e relatou \u00e0 PM que \u00e9 motorista de aplicativo e foi solicitado pelo adolescente de 16 anos para transport\u00e1-lo at\u00e9 o bairro Vila Ideal juntamente com os demais menores infratores, 15 e 17 anos respectivamente, tendo ainda relatado a posse de subst\u00e2ncias em sua resid\u00eancia e durante buscas no im\u00f3vel, foram encontradas duas por\u00e7\u00f5es de maconha. Em dilig\u00eancias na resid\u00eancia do adolescente de 16 anos, foi encontrado um vaso contendo duas mudas de cannabis sativa, mais uma por\u00e7\u00e3o de coca\u00edna e 11 pedras de crack.<\/p>\n<p>Ap\u00f3s buscas pessoais ao menor infrator de 15 anos, foi encontrada a quantia de R$ 40,00 em dinheiro. Todos os envolvidos foram presos e conduzidos para a Delegacia, para devidas provid\u00eancias.<\/p>\n","protected":false},"excerpt":{"rendered":"<p>A Pol\u00edcia Militar (PM), realizava a Opera\u00e7\u00e3o Batida Policial, quando avistou um ve\u00edculo branco, com ocupantes em atitude suspeita. Durante abordagem, foram encontrados um frasco contendo 22 pedras de subst\u00e2ncia semelhante a crack, uma bucha de maconha e quantia de R$ 350,00 em dinheiro. Em busca no interior do ve\u00edculo foram encontradas duas por\u00e7\u00f5es de [&hellip;]<\/p>\n","protected":false},"author":96,"featured_media":161269,"comment_status":"closed","ping_status":"closed","sticky":false,"template":"","format":"standard","meta":{"footnotes":""},"categories":[301,436,439],"tags":[],"class_list":["post-162799","post","type-post","status-publish","format-standard","has-post-thumbnail","hentry","category-artigos-policiais","category-destaque-da-semana","category-ultima-hora"],"_links":{"self":[{"href":"https:\/\/diarioregionaldigital.com.br\/index.php?rest_route=\/wp\/v2\/posts\/162799","targetHints":{"allow":["GET"]}}],"collection":[{"href":"https:\/\/diarioregionaldigital.com.br\/index.php?rest_route=\/wp\/v2\/posts"}],"about":[{"href":"https:\/\/diarioregionaldigital.com.br\/index.php?rest_route=\/wp\/v2\/types\/post"}],"author":[{"embeddable":true,"href":"https:\/\/diarioregionaldigital.com.br\/index.php?rest_route=\/wp\/v2\/users\/96"}],"replies":[{"embeddable":true,"href":"https:\/\/diarioregionaldigital.com.br\/index.php?rest_route=%2Fwp%2Fv2%2Fcomments&post=162799"}],"version-history":[{"count":0,"href":"https:\/\/diarioregionaldigital.com.br\/index.php?rest_route=\/wp\/v2\/posts\/162799\/revisions"}],"wp:featuredmedia":[{"embeddable":true,"href":"https:\/\/diarioregionaldigital.com.br\/index.php?rest_route=\/wp\/v2\/media\/161269"}],"wp:attachment":[{"href":"https:\/\/diarioregionaldigital.com.br\/index.php?rest_route=%2Fwp%2Fv2%2Fmedia&parent=162799"}],"wp:term":[{"taxonomy":"category","embeddable":true,"href":"https:\/\/diarioregionaldigital.com.br\/index.php?rest_route=%2Fwp%2Fv2%2Fcategories&post=162799"},{"taxonomy":"post_tag","embeddable":true,"href":"https:\/\/diarioregionaldigital.com.br\/index.php?rest_route=%2Fwp%2Fv2%2Ftags&post=162799"}],"curies":[{"name":"wp","href":"https:\/\/api.w.org\/{rel}","templated":true}]}}