{"id":162797,"date":"2020-06-22T19:22:07","date_gmt":"2020-06-22T22:22:07","guid":{"rendered":"https:\/\/diarioregionaldigital.com.br\/?p=162797"},"modified":"2020-06-22T19:22:07","modified_gmt":"2020-06-22T22:22:07","slug":"pm-encontra-armas-de-fogo-em-residencia-no-marumbi","status":"publish","type":"post","link":"https:\/\/diarioregionaldigital.com.br\/?p=162797","title":{"rendered":"PM encontra armas de fogo em resid\u00eancia no marumbi"},"content":{"rendered":"<p>A Pol\u00edcia Militar (PM), recebeu den\u00fancia de amea\u00e7a no Bairro Marumbi e em contato com a v\u00edtima, esta relatou que o autor portando uma arma de fogo havia tentado realizar dois disparos em dire\u00e7\u00e3o ao solo, por\u00e9m os disparos n\u00e3o ocorreram. Em conversas com os policiais, o autor relatou que apenas discutiu com a v\u00edtima acerca desta ter deixado a motocicleta pr\u00f3ximo a sua garagem, negando possuir arma de fogo. Contudo, os policiais foram at\u00e9 a resid\u00eancia do autor e obtiveram \u00eaxito em localizar e apreender um rev\u00f3lver calibre 32, uma muni\u00e7\u00e3o calibre 38, seis muni\u00e7\u00f5es calibre 32 e um coldre. Autor preso em flagrante e conduzido para a Delegacia.<\/p>\n","protected":false},"excerpt":{"rendered":"<p>A Pol\u00edcia Militar (PM), recebeu den\u00fancia de amea\u00e7a no Bairro Marumbi e em contato com a v\u00edtima, esta relatou que o autor portando uma arma de fogo havia tentado realizar dois disparos em dire\u00e7\u00e3o ao solo, por\u00e9m os disparos n\u00e3o ocorreram. Em conversas com os policiais, o autor relatou que apenas discutiu com a v\u00edtima [&hellip;]<\/p>\n","protected":false},"author":96,"featured_media":161269,"comment_status":"closed","ping_status":"closed","sticky":false,"template":"","format":"standard","meta":{"footnotes":""},"categories":[301,436,439],"tags":[],"class_list":["post-162797","post","type-post","status-publish","format-standard","has-post-thumbnail","hentry","category-artigos-policiais","category-destaque-da-semana","category-ultima-hora"],"_links":{"self":[{"href":"https:\/\/diarioregionaldigital.com.br\/index.php?rest_route=\/wp\/v2\/posts\/162797","targetHints":{"allow":["GET"]}}],"collection":[{"href":"https:\/\/diarioregionaldigital.com.br\/index.php?rest_route=\/wp\/v2\/posts"}],"about":[{"href":"https:\/\/diarioregionaldigital.com.br\/index.php?rest_route=\/wp\/v2\/types\/post"}],"author":[{"embeddable":true,"href":"https:\/\/diarioregionaldigital.com.br\/index.php?rest_route=\/wp\/v2\/users\/96"}],"replies":[{"embeddable":true,"href":"https:\/\/diarioregionaldigital.com.br\/index.php?rest_route=%2Fwp%2Fv2%2Fcomments&post=162797"}],"version-history":[{"count":0,"href":"https:\/\/diarioregionaldigital.com.br\/index.php?rest_route=\/wp\/v2\/posts\/162797\/revisions"}],"wp:featuredmedia":[{"embeddable":true,"href":"https:\/\/diarioregionaldigital.com.br\/index.php?rest_route=\/wp\/v2\/media\/161269"}],"wp:attachment":[{"href":"https:\/\/diarioregionaldigital.com.br\/index.php?rest_route=%2Fwp%2Fv2%2Fmedia&parent=162797"}],"wp:term":[{"taxonomy":"category","embeddable":true,"href":"https:\/\/diarioregionaldigital.com.br\/index.php?rest_route=%2Fwp%2Fv2%2Fcategories&post=162797"},{"taxonomy":"post_tag","embeddable":true,"href":"https:\/\/diarioregionaldigital.com.br\/index.php?rest_route=%2Fwp%2Fv2%2Ftags&post=162797"}],"curies":[{"name":"wp","href":"https:\/\/api.w.org\/{rel}","templated":true}]}}