{"id":162795,"date":"2020-06-22T19:16:05","date_gmt":"2020-06-22T22:16:05","guid":{"rendered":"https:\/\/diarioregionaldigital.com.br\/?p=162795"},"modified":"2020-06-22T19:16:05","modified_gmt":"2020-06-22T22:16:05","slug":"boletim-da-pjf-confirma-50-mortes-por-coronavirus-em-juiz-de-fora","status":"publish","type":"post","link":"https:\/\/diarioregionaldigital.com.br\/?p=162795","title":{"rendered":"Boletim da PJF confirma 50 mortes por Coronav\u00edrus em Juiz de Fora"},"content":{"rendered":"<p>A Secretaria de Sa\u00fade (SS) da Prefeitura de Juiz de Fora (PJF), confirmou em boletim divulgado hoje (22), a morte de n\u00famero 50 por Coronav\u00edrus no munic\u00edpio. Oficialmente \u00e9 a epidemia com maior n\u00famero de \u00f3bitos em Juiz de Fora, superando dengue em 2016, que foram 49. Uma das v\u00edtimas \u00e9 uma idosa de 70 anos que morreu na \u00faltima sexta, 19. Ela tinha Doen\u00e7a Cardiovascular Cr\u00f4nica (DCC). Os outros dois \u00f3bitos s\u00e3o de idosos. Um de 83 anos que tinha Doen\u00e7a Cardiovascular Cr\u00f4nica, Hipertens\u00e3o Arterial Sist\u00eamica (HAS), Doen\u00e7a Neurol\u00f3gica Cr\u00f4nica (Alzheimer) e Diabetes Mellitus. Ele morreu no dia 31 de maio. O outro, de 64 anos, morreu no \u00faltimo s\u00e1bado, 20.<\/p>\n<p>Conforme o boletim, os casos confirmados chegam a 1.298 e 6.628 s\u00e3o suspeitos.<\/p>\n<div class=\"the_champ_sharing_container the_champ_horizontal_sharing\"><\/div>\n","protected":false},"excerpt":{"rendered":"<p>A Secretaria de Sa\u00fade (SS) da Prefeitura de Juiz de Fora (PJF), confirmou em boletim divulgado hoje (22), a morte de n\u00famero 50 por Coronav\u00edrus no munic\u00edpio. Oficialmente \u00e9 a epidemia com maior n\u00famero de \u00f3bitos em Juiz de Fora, superando dengue em 2016, que foram 49. Uma das v\u00edtimas \u00e9 uma idosa de 70 [&hellip;]<\/p>\n","protected":false},"author":96,"featured_media":161281,"comment_status":"closed","ping_status":"closed","sticky":false,"template":"","format":"standard","meta":{"footnotes":""},"categories":[253,436,440,439],"tags":[],"class_list":["post-162795","post","type-post","status-publish","format-standard","has-post-thumbnail","hentry","category-cidade","category-destaque-da-semana","category-destaques-do-dia","category-ultima-hora"],"_links":{"self":[{"href":"https:\/\/diarioregionaldigital.com.br\/index.php?rest_route=\/wp\/v2\/posts\/162795","targetHints":{"allow":["GET"]}}],"collection":[{"href":"https:\/\/diarioregionaldigital.com.br\/index.php?rest_route=\/wp\/v2\/posts"}],"about":[{"href":"https:\/\/diarioregionaldigital.com.br\/index.php?rest_route=\/wp\/v2\/types\/post"}],"author":[{"embeddable":true,"href":"https:\/\/diarioregionaldigital.com.br\/index.php?rest_route=\/wp\/v2\/users\/96"}],"replies":[{"embeddable":true,"href":"https:\/\/diarioregionaldigital.com.br\/index.php?rest_route=%2Fwp%2Fv2%2Fcomments&post=162795"}],"version-history":[{"count":0,"href":"https:\/\/diarioregionaldigital.com.br\/index.php?rest_route=\/wp\/v2\/posts\/162795\/revisions"}],"wp:featuredmedia":[{"embeddable":true,"href":"https:\/\/diarioregionaldigital.com.br\/index.php?rest_route=\/wp\/v2\/media\/161281"}],"wp:attachment":[{"href":"https:\/\/diarioregionaldigital.com.br\/index.php?rest_route=%2Fwp%2Fv2%2Fmedia&parent=162795"}],"wp:term":[{"taxonomy":"category","embeddable":true,"href":"https:\/\/diarioregionaldigital.com.br\/index.php?rest_route=%2Fwp%2Fv2%2Fcategories&post=162795"},{"taxonomy":"post_tag","embeddable":true,"href":"https:\/\/diarioregionaldigital.com.br\/index.php?rest_route=%2Fwp%2Fv2%2Ftags&post=162795"}],"curies":[{"name":"wp","href":"https:\/\/api.w.org\/{rel}","templated":true}]}}