{"id":162792,"date":"2020-06-22T18:23:12","date_gmt":"2020-06-22T21:23:12","guid":{"rendered":"https:\/\/diarioregionaldigital.com.br\/?p=162792"},"modified":"2020-06-22T18:23:12","modified_gmt":"2020-06-22T21:23:12","slug":"pm-prende-autores-e-apreende-materiais-relacionados-ao-trafico-de-drogas-em-matias-barbosa","status":"publish","type":"post","link":"https:\/\/diarioregionaldigital.com.br\/?p=162792","title":{"rendered":"PM prende autores e apreende materiais relacionados ao tr\u00e1fico de drogas em Matias Barbosa"},"content":{"rendered":"<div>Na manh\u00e3 do \u00faltimo dia 20, durante Opera\u00e7\u00e3o Antidrogas desencadeada em Matias Barbosa pelas guarni\u00e7\u00f5es locais, foi recebida via 190 uma den\u00fancia sobre um tr\u00e1fico de drogas que estaria acontecendo. Realizadas as dilig\u00eancias, os militares lograram \u00eaxito na pris\u00e3o de dois autores e apreens\u00e3o do material que segue descrito: um tablete com pouco mais de 500g de maconha, uma bucha de maconha, 11 sementes de maconha e 22 inv\u00f3lucros para embalar a droga.<\/div>\n<div><strong>Fonte:\u00a0<\/strong>Assessoria<\/div>\n","protected":false},"excerpt":{"rendered":"<p>Na manh\u00e3 do \u00faltimo dia 20, durante Opera\u00e7\u00e3o Antidrogas desencadeada em Matias Barbosa pelas guarni\u00e7\u00f5es locais, foi recebida via 190 uma den\u00fancia sobre um tr\u00e1fico de drogas que estaria acontecendo. Realizadas as dilig\u00eancias, os militares lograram \u00eaxito na pris\u00e3o de dois autores e apreens\u00e3o do material que segue descrito: um tablete com pouco mais de [&hellip;]<\/p>\n","protected":false},"author":96,"featured_media":162793,"comment_status":"closed","ping_status":"closed","sticky":false,"template":"","format":"standard","meta":{"footnotes":""},"categories":[301,436,439],"tags":[],"class_list":["post-162792","post","type-post","status-publish","format-standard","has-post-thumbnail","hentry","category-artigos-policiais","category-destaque-da-semana","category-ultima-hora"],"_links":{"self":[{"href":"https:\/\/diarioregionaldigital.com.br\/index.php?rest_route=\/wp\/v2\/posts\/162792","targetHints":{"allow":["GET"]}}],"collection":[{"href":"https:\/\/diarioregionaldigital.com.br\/index.php?rest_route=\/wp\/v2\/posts"}],"about":[{"href":"https:\/\/diarioregionaldigital.com.br\/index.php?rest_route=\/wp\/v2\/types\/post"}],"author":[{"embeddable":true,"href":"https:\/\/diarioregionaldigital.com.br\/index.php?rest_route=\/wp\/v2\/users\/96"}],"replies":[{"embeddable":true,"href":"https:\/\/diarioregionaldigital.com.br\/index.php?rest_route=%2Fwp%2Fv2%2Fcomments&post=162792"}],"version-history":[{"count":0,"href":"https:\/\/diarioregionaldigital.com.br\/index.php?rest_route=\/wp\/v2\/posts\/162792\/revisions"}],"wp:featuredmedia":[{"embeddable":true,"href":"https:\/\/diarioregionaldigital.com.br\/index.php?rest_route=\/wp\/v2\/media\/162793"}],"wp:attachment":[{"href":"https:\/\/diarioregionaldigital.com.br\/index.php?rest_route=%2Fwp%2Fv2%2Fmedia&parent=162792"}],"wp:term":[{"taxonomy":"category","embeddable":true,"href":"https:\/\/diarioregionaldigital.com.br\/index.php?rest_route=%2Fwp%2Fv2%2Fcategories&post=162792"},{"taxonomy":"post_tag","embeddable":true,"href":"https:\/\/diarioregionaldigital.com.br\/index.php?rest_route=%2Fwp%2Fv2%2Ftags&post=162792"}],"curies":[{"name":"wp","href":"https:\/\/api.w.org\/{rel}","templated":true}]}}