{"id":162705,"date":"2020-06-21T06:00:03","date_gmt":"2020-06-21T09:00:03","guid":{"rendered":"https:\/\/diarioregionaldigital.com.br\/?p=162705"},"modified":"2020-06-20T00:18:36","modified_gmt":"2020-06-20T03:18:36","slug":"162705","status":"publish","type":"post","link":"https:\/\/diarioregionaldigital.com.br\/?p=162705","title":{"rendered":"Estilo Fashion"},"content":{"rendered":"<p style=\"text-align: center;\"><strong>Estilo Fashion <\/strong><\/p>\n<p style=\"text-align: center;\">O conceituado estilista Gustavo Almeida (Premio Melhor do Ano 2018 \u2013 Trof\u00e9u Di\u00e1rio Regional) lan\u00e7ou sua nova marca Glamour \u2013 Noivas e Festas.Vestidos maravilhosos para ocasi\u00f5es especiais, junto com a s\u00f3cia Rosy Cardoso.<\/p>\n<p style=\"text-align: center;\"><strong>Crise<\/strong><\/p>\n<p style=\"text-align: center;\">Em momento delicado, a ind\u00fastria t\u00eaxtil est\u00e1 operando em junho com 30% de sua capacidade instalada. Quando 2020 come\u00e7ou, esse percentual era de 70%.<\/p>\n<p style=\"text-align: center;\"><strong>Novidade<\/strong><\/p>\n<p style=\"text-align: center;\">Foi lan\u00e7ado, em 03 de junho de 2020 por iniciativa do psic\u00f3logo e professor do Conservat\u00f3rio de Juiz de Fora Thales T\u00e1cito o projeto Coletivo Canta JF. Em cena nas redes sociais, tem objetivo de ampliar a valoriza\u00e7\u00e3o dos m\u00fasicos e cantores de Juiz de Fora. No momento busca parcerias com o setor privado para formar estrat\u00e9gias.<\/p>\n<p style=\"text-align: center;\"><strong>Em Festa<\/strong><\/p>\n<p style=\"text-align: center;\">Dona cegonha aprontou de novo. Colocou na chamin\u00e9 de Roseli Castro Tolendato e do rep\u00f3rter da TV Integra\u00e7\u00e3o Vagner Tolendato, a linda estrelinha Lorena.<\/p>\n<p style=\"text-align: center;\"><span style=\"font-size: 14pt;\"><strong>Para Refletir<\/strong><\/span><\/p>\n<p style=\"text-align: center;\">Vem a\u00ed o \u201cnovo normal\u201d. A quarentena vai acabar, o isolamento ser\u00e1 relaxante e como ficar\u00e1 o mundo p\u00f3s Covid-19? Muitas empresas j\u00e1 se preparam para a reabertura, mas \u00e9 fato que mudan\u00e7as precisam ser feitas em seus processos e rotinas, pois o mundo n\u00e3o ser\u00e1 o mesmo. Ent\u00e3o, mude para melhor!<\/p>\n<div id=\"attachment_162694\" style=\"width: 690px\" class=\"wp-caption aligncenter\"><img loading=\"lazy\" decoding=\"async\" aria-describedby=\"caption-attachment-162694\" class=\"wp-image-162694\" src=\"https:\/\/diarioregionaldigital.com.br\/wp-content\/uploads\/2020\/06\/fotoa-11-e1592622459431.jpg\" alt=\"\" width=\"680\" height=\"506\" srcset=\"https:\/\/diarioregionaldigital.com.br\/wp-content\/uploads\/2020\/06\/fotoa-11-e1592622459431.jpg 1006w, https:\/\/diarioregionaldigital.com.br\/wp-content\/uploads\/2020\/06\/fotoa-11-e1592622459431-300x223.jpg 300w, https:\/\/diarioregionaldigital.com.br\/wp-content\/uploads\/2020\/06\/fotoa-11-e1592622459431-768x572.jpg 768w, https:\/\/diarioregionaldigital.com.br\/wp-content\/uploads\/2020\/06\/fotoa-11-e1592622459431-360x268.jpg 360w\" sizes=\"auto, (max-width: 680px) 100vw, 680px\" \/><p id=\"caption-attachment-162694\" class=\"wp-caption-text\">A elegante juiz-fora Veralice Tam, a bordo do Restaurante Flutuante Wilhelm Tell, em Lucerna (Sui\u00e7a)<\/p><\/div>\n<div id=\"attachment_162695\" style=\"width: 690px\" class=\"wp-caption aligncenter\"><img loading=\"lazy\" decoding=\"async\" aria-describedby=\"caption-attachment-162695\" class=\"wp-image-162695\" src=\"https:\/\/diarioregionaldigital.com.br\/wp-content\/uploads\/2020\/06\/fotob-12-e1592622488861.jpg\" alt=\"\" width=\"680\" height=\"477\" srcset=\"https:\/\/diarioregionaldigital.com.br\/wp-content\/uploads\/2020\/06\/fotob-12-e1592622488861.jpg 720w, https:\/\/diarioregionaldigital.com.br\/wp-content\/uploads\/2020\/06\/fotob-12-e1592622488861-300x210.jpg 300w, https:\/\/diarioregionaldigital.com.br\/wp-content\/uploads\/2020\/06\/fotob-12-e1592622488861-360x253.jpg 360w, https:\/\/diarioregionaldigital.com.br\/wp-content\/uploads\/2020\/06\/fotob-12-e1592622488861-100x70.jpg 100w\" sizes=\"auto, (max-width: 680px) 100vw, 680px\" \/><p id=\"caption-attachment-162695\" class=\"wp-caption-text\">Fazendo sucesso com serenatas pela cidade, o cantor das multid\u00f5es Bruno Falc\u00e3o<\/p><\/div>\n<div id=\"attachment_162696\" style=\"width: 690px\" class=\"wp-caption aligncenter\"><img loading=\"lazy\" decoding=\"async\" aria-describedby=\"caption-attachment-162696\" class=\"wp-image-162696\" src=\"https:\/\/diarioregionaldigital.com.br\/wp-content\/uploads\/2020\/06\/fotoc-11-e1592622521888.jpg\" alt=\"\" width=\"680\" height=\"512\" srcset=\"https:\/\/diarioregionaldigital.com.br\/wp-content\/uploads\/2020\/06\/fotoc-11-e1592622521888.jpg 1440w, https:\/\/diarioregionaldigital.com.br\/wp-content\/uploads\/2020\/06\/fotoc-11-e1592622521888-300x226.jpg 300w, https:\/\/diarioregionaldigital.com.br\/wp-content\/uploads\/2020\/06\/fotoc-11-e1592622521888-1024x771.jpg 1024w, https:\/\/diarioregionaldigital.com.br\/wp-content\/uploads\/2020\/06\/fotoc-11-e1592622521888-768x578.jpg 768w, https:\/\/diarioregionaldigital.com.br\/wp-content\/uploads\/2020\/06\/fotoc-11-e1592622521888-360x271.jpg 360w\" sizes=\"auto, (max-width: 680px) 100vw, 680px\" \/><p id=\"caption-attachment-162696\" class=\"wp-caption-text\">A bonita Daniella Gervason, um charme by Bonjour<\/p><\/div>\n<p><img loading=\"lazy\" decoding=\"async\" class=\"aligncenter wp-image-162697\" src=\"https:\/\/diarioregionaldigital.com.br\/wp-content\/uploads\/2020\/06\/fotod-10-e1592622915881.jpg\" alt=\"\" width=\"680\" height=\"522\" srcset=\"https:\/\/diarioregionaldigital.com.br\/wp-content\/uploads\/2020\/06\/fotod-10-e1592622915881.jpg 1500w, https:\/\/diarioregionaldigital.com.br\/wp-content\/uploads\/2020\/06\/fotod-10-e1592622915881-300x230.jpg 300w, https:\/\/diarioregionaldigital.com.br\/wp-content\/uploads\/2020\/06\/fotod-10-e1592622915881-1024x786.jpg 1024w, https:\/\/diarioregionaldigital.com.br\/wp-content\/uploads\/2020\/06\/fotod-10-e1592622915881-768x590.jpg 768w, https:\/\/diarioregionaldigital.com.br\/wp-content\/uploads\/2020\/06\/fotod-10-e1592622915881-360x276.jpg 360w\" sizes=\"auto, (max-width: 680px) 100vw, 680px\" \/><\/p>\n<div id=\"attachment_162698\" style=\"width: 690px\" class=\"wp-caption aligncenter\"><img loading=\"lazy\" decoding=\"async\" aria-describedby=\"caption-attachment-162698\" class=\"wp-image-162698\" src=\"https:\/\/diarioregionaldigital.com.br\/wp-content\/uploads\/2020\/06\/fotoe-12-e1592622559601.jpg\" alt=\"\" width=\"680\" height=\"465\" srcset=\"https:\/\/diarioregionaldigital.com.br\/wp-content\/uploads\/2020\/06\/fotoe-12-e1592622559601.jpg 601w, https:\/\/diarioregionaldigital.com.br\/wp-content\/uploads\/2020\/06\/fotoe-12-e1592622559601-300x205.jpg 300w, https:\/\/diarioregionaldigital.com.br\/wp-content\/uploads\/2020\/06\/fotoe-12-e1592622559601-360x246.jpg 360w\" sizes=\"auto, (max-width: 680px) 100vw, 680px\" \/><p id=\"caption-attachment-162698\" class=\"wp-caption-text\">Lindo casal no Estrela Sul, Keler e Mauro Cruz<\/p><\/div>\n<div id=\"attachment_162699\" style=\"width: 690px\" class=\"wp-caption aligncenter\"><img loading=\"lazy\" decoding=\"async\" aria-describedby=\"caption-attachment-162699\" class=\"wp-image-162699\" src=\"https:\/\/diarioregionaldigital.com.br\/wp-content\/uploads\/2020\/06\/fotof-13-e1592622587770.jpg\" alt=\"\" width=\"680\" height=\"491\" srcset=\"https:\/\/diarioregionaldigital.com.br\/wp-content\/uploads\/2020\/06\/fotof-13-e1592622587770.jpg 525w, https:\/\/diarioregionaldigital.com.br\/wp-content\/uploads\/2020\/06\/fotof-13-e1592622587770-300x217.jpg 300w, https:\/\/diarioregionaldigital.com.br\/wp-content\/uploads\/2020\/06\/fotof-13-e1592622587770-360x260.jpg 360w\" sizes=\"auto, (max-width: 680px) 100vw, 680px\" \/><p id=\"caption-attachment-162699\" class=\"wp-caption-text\">Casal querido da sociedade de JF, Jairo Bat\u00edtucci e Eliana Veloso Pereira<\/p><\/div>\n<div id=\"attachment_162700\" style=\"width: 690px\" class=\"wp-caption aligncenter\"><img loading=\"lazy\" decoding=\"async\" aria-describedby=\"caption-attachment-162700\" class=\"wp-image-162700\" src=\"https:\/\/diarioregionaldigital.com.br\/wp-content\/uploads\/2020\/06\/fotog-12-e1592622607726.jpg\" alt=\"\" width=\"680\" height=\"468\" srcset=\"https:\/\/diarioregionaldigital.com.br\/wp-content\/uploads\/2020\/06\/fotog-12-e1592622607726.jpg 878w, https:\/\/diarioregionaldigital.com.br\/wp-content\/uploads\/2020\/06\/fotog-12-e1592622607726-300x206.jpg 300w, https:\/\/diarioregionaldigital.com.br\/wp-content\/uploads\/2020\/06\/fotog-12-e1592622607726-768x528.jpg 768w, https:\/\/diarioregionaldigital.com.br\/wp-content\/uploads\/2020\/06\/fotog-12-e1592622607726-360x248.jpg 360w, https:\/\/diarioregionaldigital.com.br\/wp-content\/uploads\/2020\/06\/fotog-12-e1592622607726-100x70.jpg 100w\" sizes=\"auto, (max-width: 680px) 100vw, 680px\" \/><p id=\"caption-attachment-162700\" class=\"wp-caption-text\">A delegada Patr\u00edcia Ribeiro e alinda filha Nathalia Ribeiro, antes da pandemia<\/p><\/div>\n<div id=\"attachment_162701\" style=\"width: 690px\" class=\"wp-caption aligncenter\"><img loading=\"lazy\" decoding=\"async\" aria-describedby=\"caption-attachment-162701\" class=\"wp-image-162701\" src=\"https:\/\/diarioregionaldigital.com.br\/wp-content\/uploads\/2020\/06\/fotoh-13-e1592622641711.jpg\" alt=\"\" width=\"680\" height=\"436\" srcset=\"https:\/\/diarioregionaldigital.com.br\/wp-content\/uploads\/2020\/06\/fotoh-13-e1592622641711.jpg 1035w, https:\/\/diarioregionaldigital.com.br\/wp-content\/uploads\/2020\/06\/fotoh-13-e1592622641711-300x192.jpg 300w, https:\/\/diarioregionaldigital.com.br\/wp-content\/uploads\/2020\/06\/fotoh-13-e1592622641711-1024x657.jpg 1024w, https:\/\/diarioregionaldigital.com.br\/wp-content\/uploads\/2020\/06\/fotoh-13-e1592622641711-768x493.jpg 768w, https:\/\/diarioregionaldigital.com.br\/wp-content\/uploads\/2020\/06\/fotoh-13-e1592622641711-360x231.jpg 360w\" sizes=\"auto, (max-width: 680px) 100vw, 680px\" \/><p id=\"caption-attachment-162701\" class=\"wp-caption-text\">Antes do isolamento social em Belo Horizonte os queridos: Marcos Rocha, Jo\u00e3o Paulo Alves, Greicy Almeida e Taira Maciel<\/p><\/div>\n<div id=\"attachment_162702\" style=\"width: 690px\" class=\"wp-caption aligncenter\"><img loading=\"lazy\" decoding=\"async\" aria-describedby=\"caption-attachment-162702\" class=\"wp-image-162702\" src=\"https:\/\/diarioregionaldigital.com.br\/wp-content\/uploads\/2020\/06\/fotoi-9.jpg\" alt=\"\" width=\"680\" height=\"454\" srcset=\"https:\/\/diarioregionaldigital.com.br\/wp-content\/uploads\/2020\/06\/fotoi-9.jpg 1024w, https:\/\/diarioregionaldigital.com.br\/wp-content\/uploads\/2020\/06\/fotoi-9-300x200.jpg 300w, https:\/\/diarioregionaldigital.com.br\/wp-content\/uploads\/2020\/06\/fotoi-9-768x512.jpg 768w, https:\/\/diarioregionaldigital.com.br\/wp-content\/uploads\/2020\/06\/fotoi-9-360x240.jpg 360w\" sizes=\"auto, (max-width: 680px) 100vw, 680px\" \/><p id=\"caption-attachment-162702\" class=\"wp-caption-text\">Na Toca da Raposa antes da pandemia, Leonardo Jesus, Ulisses Elias, Luciana Almeida e Andrea<\/p><\/div>\n<p style=\"text-align: center;\"><strong>FOTOSS\u00cdNTESE<\/strong><\/p>\n<p>Com cota\u00e7\u00e3o nas nuvens, o fisioterapeuta de astros e estrelas Cristiano D\u2019\u00c1vila est\u00e1 sob o c\u00e9u de Birmingham (Inglaterra), atendendo o centroavante Wesley Moraes, do Aston Villa Football Club.<\/p>\n<p>\u00danico brasileiro a receber uma alta honraria o oncologista Carlos Gil Moreira Ferreira, formado pela UFJF, est\u00e1 entre os dez cientistas agraciados pela Sociedade Americana de oncologia Cl\u00ednica (Asco).<\/p>\n<p>O ator e publicit\u00e1rio Fl\u00e1vio Fusco, aproveita o recesso do seu programa \u201cFui com Fusco\u201d, no YouTube, e coloca a m\u00e3o na massa reformando seu ap\u00ea no Rio de Janeiro.<\/p>\n<p>O Instituto Viva est\u00e1 recebendo doa\u00e7\u00f5es de alimentos, leite, fraldas geri\u00e1tricas e materiais de limpeza e higiene, na rua: Quintino Bocaiuva, n\u00ba 579, no jardim Gl\u00f3ria.<\/p>\n<p>Este colunista em gesto de gratid\u00e3o e saudosismo homenageia hoje 3 grandes nomes respons\u00e1veis pela nosso lan\u00e7amento como colunista social Maur\u00edcio Raniere, Carlos Alberto Lemos de Andrade e Josino Arag\u00e3o.<\/p>\n<p>Para o dia 28 de junho, o Festival Music com a Live Solid\u00e1ria vai reunir Jady Garcia, Muamba, Carol Tavares e muito mais no YouTube.<\/p>\n<p>Ser\u00e1 amanh\u00e3 (19) a reabertura do requintado Sant\u00edsssimo Resort, em Tiradentes (MG).<\/p>\n<p>Em festa a turma da Hemoliga Juiz de Fora, formada por alunos de medicina de UFJF e sob coordena\u00e7\u00e3o da hematologista Daniela Werneck completando um ano. Tamb\u00e9m fazendo parte do esquema alunos da Suprema e Unipac. Em cena, teste do pezinho.<\/p>\n<p>Para os mach\u00f5es ficarem ligados: \u201cMulher boa \u00e9 mulher brava, quer paz? Namore uma pomba\u201d. (Prov\u00e9rbio Popular). Bom dia.<\/p>\n<p><img loading=\"lazy\" decoding=\"async\" class=\"aligncenter size-full wp-image-162704\" src=\"https:\/\/diarioregionaldigital.com.br\/wp-content\/uploads\/2020\/06\/anuncio83-scaled.jpg\" alt=\"\" width=\"2560\" height=\"970\" srcset=\"https:\/\/diarioregionaldigital.com.br\/wp-content\/uploads\/2020\/06\/anuncio83-scaled.jpg 2560w, https:\/\/diarioregionaldigital.com.br\/wp-content\/uploads\/2020\/06\/anuncio83-300x114.jpg 300w, https:\/\/diarioregionaldigital.com.br\/wp-content\/uploads\/2020\/06\/anuncio83-1024x388.jpg 1024w, https:\/\/diarioregionaldigital.com.br\/wp-content\/uploads\/2020\/06\/anuncio83-768x291.jpg 768w, https:\/\/diarioregionaldigital.com.br\/wp-content\/uploads\/2020\/06\/anuncio83-1536x582.jpg 1536w, https:\/\/diarioregionaldigital.com.br\/wp-content\/uploads\/2020\/06\/anuncio83-2048x776.jpg 2048w, https:\/\/diarioregionaldigital.com.br\/wp-content\/uploads\/2020\/06\/anuncio83-360x136.jpg 360w\" sizes=\"auto, (max-width: 2560px) 100vw, 2560px\" \/><\/p>\n","protected":false},"excerpt":{"rendered":"<p>Estilo Fashion O conceituado estilista Gustavo Almeida (Premio Melhor do Ano 2018 \u2013 Trof\u00e9u Di\u00e1rio Regional) lan\u00e7ou sua nova marca Glamour \u2013 Noivas e Festas.Vestidos maravilhosos para ocasi\u00f5es especiais, junto com a s\u00f3cia Rosy Cardoso. Crise Em momento delicado, a ind\u00fastria t\u00eaxtil est\u00e1 operando em junho com 30% de sua capacidade instalada. Quando 2020 come\u00e7ou, [&hellip;]<\/p>\n","protected":false},"author":96,"featured_media":162694,"comment_status":"closed","ping_status":"closed","sticky":false,"template":"","format":"standard","meta":{"footnotes":""},"categories":[264],"tags":[],"class_list":["post-162705","post","type-post","status-publish","format-standard","has-post-thumbnail","hentry","category-eduardo-gomes"],"_links":{"self":[{"href":"https:\/\/diarioregionaldigital.com.br\/index.php?rest_route=\/wp\/v2\/posts\/162705","targetHints":{"allow":["GET"]}}],"collection":[{"href":"https:\/\/diarioregionaldigital.com.br\/index.php?rest_route=\/wp\/v2\/posts"}],"about":[{"href":"https:\/\/diarioregionaldigital.com.br\/index.php?rest_route=\/wp\/v2\/types\/post"}],"author":[{"embeddable":true,"href":"https:\/\/diarioregionaldigital.com.br\/index.php?rest_route=\/wp\/v2\/users\/96"}],"replies":[{"embeddable":true,"href":"https:\/\/diarioregionaldigital.com.br\/index.php?rest_route=%2Fwp%2Fv2%2Fcomments&post=162705"}],"version-history":[{"count":0,"href":"https:\/\/diarioregionaldigital.com.br\/index.php?rest_route=\/wp\/v2\/posts\/162705\/revisions"}],"wp:featuredmedia":[{"embeddable":true,"href":"https:\/\/diarioregionaldigital.com.br\/index.php?rest_route=\/wp\/v2\/media\/162694"}],"wp:attachment":[{"href":"https:\/\/diarioregionaldigital.com.br\/index.php?rest_route=%2Fwp%2Fv2%2Fmedia&parent=162705"}],"wp:term":[{"taxonomy":"category","embeddable":true,"href":"https:\/\/diarioregionaldigital.com.br\/index.php?rest_route=%2Fwp%2Fv2%2Fcategories&post=162705"},{"taxonomy":"post_tag","embeddable":true,"href":"https:\/\/diarioregionaldigital.com.br\/index.php?rest_route=%2Fwp%2Fv2%2Ftags&post=162705"}],"curies":[{"name":"wp","href":"https:\/\/api.w.org\/{rel}","templated":true}]}}