{"id":162692,"date":"2020-06-19T21:47:31","date_gmt":"2020-06-20T00:47:31","guid":{"rendered":"https:\/\/diarioregionaldigital.com.br\/?p=162692"},"modified":"2020-06-19T21:47:31","modified_gmt":"2020-06-20T00:47:31","slug":"covid-19-brasil-bate-marca-de-1-milhao-de-casos-confirmados","status":"publish","type":"post","link":"https:\/\/diarioregionaldigital.com.br\/?p=162692","title":{"rendered":"Covid-19: Brasil bate marca de 1 milh\u00e3o de casos confirmados"},"content":{"rendered":"<p>O Brasil bateu a marca de 1 milh\u00e3o de casos confirmados, chegando a 1.032.913 confirma\u00e7\u00f5es. Segundo balan\u00e7o di\u00e1rio do Minist\u00e9rio da Sa\u00fade divulgado hoje (19), com 54.771 novos casos, o pa\u00eds chegou a 1,03 milh\u00e3o de pessoas infectadas. O n\u00famero marca um aumento de 5,5% em rela\u00e7\u00e3o a ontem, quando o minist\u00e9rio contabilizava\u00a0978.142 pacientes\u00a0nesta condi\u00e7\u00e3o.<img decoding=\"async\" src=\"https:\/\/agenciabrasil.ebc.com.br\/ebc.png?id=1309951&amp;o=node\" \/><\/p>\n<p>A atualiza\u00e7\u00e3o da pasta tamb\u00e9m registrou 1.206 novas mortes registradas em fun\u00e7\u00e3o da covid-19. Com esses acr\u00e9scimos \u00e0s estat\u00edsticas, o pa\u00eds chegou a 48.954 \u00f3bitos em fun\u00e7\u00e3o da pandemia do novo coronav\u00edrus. O n\u00famero marcou um crescimento de 2,5% no n\u00famero de mortes em rela\u00e7\u00e3o a ontem (18), quando o total estava em 47.748.<\/p>\n<p>Os registros s\u00e3o menores aos domingos e segundas-feiras em fun\u00e7\u00e3o da dificuldade de alimenta\u00e7\u00e3o dos dados aos fins-de-semana, e quantidades maiores \u00e0s ter\u00e7as-feiras, em raz\u00e3o do ac\u00famulo de notifica\u00e7\u00f5es atualizadas no sistema.<\/p>\n<p>A taxa de letalidade (n\u00famero de mortes pelo total de casos) ficou em 4,7%. A mortalidade (falecimentos por 100.000 habitantes) foi de 23,3. J\u00e1 a incid\u00eancia (casos confirmados por 100.000 habitantes) ficou em 491,5. Do total, 476.759 est\u00e3o em observa\u00e7\u00e3o e 507.200 foram recuperados.<\/p>\n<p><strong>Estados<\/strong><\/p>\n<p>S\u00e3o Paulo lidera entre os estados com maior n\u00famero de mortes, com 12.232, seguido por Rio de Janeiro (8.595), Cear\u00e1 (5.460), Par\u00e1 (4.469) e Pernambuco (4.102). Ainda figuram entres as unidades da federa\u00e7\u00e3o com altos \u00edndices de \u00f3bitos em fun\u00e7\u00e3o da pandemia Amazonas (2.624), Maranh\u00e3o (1.645), Bahia (1.305), Esp\u00edrito Santo (1.265), Alagoas (848) e Para\u00edba (724).<\/p>\n<p>A lista dos estados com mais casos \u00e9: S\u00e3o Paulo (211.658), Rio de Janeiro (93.378), Cear\u00e1 (89.863), Par\u00e1 (80.072) e Maranh\u00e3o (68.500).<\/p>\n<p><strong>Minist\u00e9rio<\/strong><\/p>\n<p>Em nota, o\u00a0Minist\u00e9rio da Sa\u00fade informou que\u00a0o aumento no n\u00famero de casos registrados de ontem para hoje se deu, em parte, devido a uma instabilidade na rotina de exporta\u00e7\u00e3o dos dados relatados, principalmente, pelos estados da Bahia, do Rio de Janeiro e de S\u00e3o Paulo na \u00faltima quinta-feira (18). A nota do minist\u00e9rio informa que, juntos, os tr\u00eas estados representaram um incremente de 27.436 casos novos em rela\u00e7\u00e3o ao dia anterior.<\/p>\n<p>O minist\u00e9rio explicou, em nota, que existem duas formas de exporta\u00e7\u00e3o de dados do sistema e-SUS Notifica: diretamente do aplicativo ou por meio de uma aplica\u00e7\u00e3o (API). Este \u00faltimo utiliza tecnologia mais leve e \u00e9 indicado para grandes volumes de dados, que \u00e9 o caso de secretarias estaduais de Sa\u00fade e de grandes munic\u00edpios. \u201cOcorre que algumas unidades da federa\u00e7\u00e3o utilizaram o aplicativo para exporta\u00e7\u00e3o de dados, o que n\u00e3o \u00e9 recomendado\u201d, diz o minist\u00e9rio.<\/p>\n<p>Segundo a nota, o minist\u00e9rio orientou \u201cestas localidades a usar somente a exporta\u00e7\u00e3o via API, que j\u00e1 vinha sendo utilizada pelos estados em momentos anteriores. Em todo caso, o Departamento de Inform\u00e1tica do SUS (Datasus) trabalha para oferecer esta mesma tecnologia (aplicativo) para os munic\u00edpios que tenham um grande volume de dados.\u201d<\/p>\n<p><em>Mat\u00e9ria alterada \u00e0s 19h54 para acr\u00e9scimo de informa\u00e7\u00f5es do Minist\u00e9rio da Sa\u00fade.<\/em><\/p>\n<p><em>Mat\u00e9ria alterada \u00e0s 20h53 para corre\u00e7\u00e3o do n\u00famero total de mortes.\u00a0Diferentemente do informado, o n\u00famero total de \u00f3bitos \u00e9\u00a0<\/em>48.954 e\u00a0<em>n\u00e3o,\u00a0<\/em>49.954.<\/p>\n<p><strong>Fonte:\u00a0<\/strong>Ag\u00eancia Brasil<\/p>\n","protected":false},"excerpt":{"rendered":"<p>O Brasil bateu a marca de 1 milh\u00e3o de casos confirmados, chegando a 1.032.913 confirma\u00e7\u00f5es. Segundo balan\u00e7o di\u00e1rio do Minist\u00e9rio da Sa\u00fade divulgado hoje (19), com 54.771 novos casos, o pa\u00eds chegou a 1,03 milh\u00e3o de pessoas infectadas. O n\u00famero marca um aumento de 5,5% em rela\u00e7\u00e3o a ontem, quando o minist\u00e9rio contabilizava\u00a0978.142 pacientes\u00a0nesta condi\u00e7\u00e3o. [&hellip;]<\/p>\n","protected":false},"author":96,"featured_media":162476,"comment_status":"closed","ping_status":"closed","sticky":false,"template":"","format":"standard","meta":{"footnotes":""},"categories":[302,436,440,439],"tags":[],"class_list":["post-162692","post","type-post","status-publish","format-standard","has-post-thumbnail","hentry","category-brasil-mundo","category-destaque-da-semana","category-destaques-do-dia","category-ultima-hora"],"_links":{"self":[{"href":"https:\/\/diarioregionaldigital.com.br\/index.php?rest_route=\/wp\/v2\/posts\/162692","targetHints":{"allow":["GET"]}}],"collection":[{"href":"https:\/\/diarioregionaldigital.com.br\/index.php?rest_route=\/wp\/v2\/posts"}],"about":[{"href":"https:\/\/diarioregionaldigital.com.br\/index.php?rest_route=\/wp\/v2\/types\/post"}],"author":[{"embeddable":true,"href":"https:\/\/diarioregionaldigital.com.br\/index.php?rest_route=\/wp\/v2\/users\/96"}],"replies":[{"embeddable":true,"href":"https:\/\/diarioregionaldigital.com.br\/index.php?rest_route=%2Fwp%2Fv2%2Fcomments&post=162692"}],"version-history":[{"count":0,"href":"https:\/\/diarioregionaldigital.com.br\/index.php?rest_route=\/wp\/v2\/posts\/162692\/revisions"}],"wp:featuredmedia":[{"embeddable":true,"href":"https:\/\/diarioregionaldigital.com.br\/index.php?rest_route=\/wp\/v2\/media\/162476"}],"wp:attachment":[{"href":"https:\/\/diarioregionaldigital.com.br\/index.php?rest_route=%2Fwp%2Fv2%2Fmedia&parent=162692"}],"wp:term":[{"taxonomy":"category","embeddable":true,"href":"https:\/\/diarioregionaldigital.com.br\/index.php?rest_route=%2Fwp%2Fv2%2Fcategories&post=162692"},{"taxonomy":"post_tag","embeddable":true,"href":"https:\/\/diarioregionaldigital.com.br\/index.php?rest_route=%2Fwp%2Fv2%2Ftags&post=162692"}],"curies":[{"name":"wp","href":"https:\/\/api.w.org\/{rel}","templated":true}]}}