{"id":162690,"date":"2020-06-19T21:44:13","date_gmt":"2020-06-20T00:44:13","guid":{"rendered":"https:\/\/diarioregionaldigital.com.br\/?p=162690"},"modified":"2020-06-19T21:44:13","modified_gmt":"2020-06-20T00:44:13","slug":"boletim-covid-19-juiz-de-fora-confirma-46a-morte-e-mais-136-casos-confirmados","status":"publish","type":"post","link":"https:\/\/diarioregionaldigital.com.br\/?p=162690","title":{"rendered":"Boletim Covid-19 &#8211; Juiz de Fora confirma 46\u00aa morte e mais 136 casos confirmados"},"content":{"rendered":"<div id=\"box_texto_noticia\">A Secretaria de Sa\u00fade (SS) da Prefeitura de Juiz de Fora (PJF) confirmou nesta sexta-feira, 19, o 46\u00ba \u00f3bito pelo novo coronav\u00edrus no munic\u00edpio. A v\u00edtima \u00e9 uma idosa de 84 anos. Ela tinha Diabetes Mellitus (DM) e Hipertens\u00e3o Arterial Sist\u00eamica (HAS), e morreu no dia 14 de junho.\u00a0<b>Todos os dados s\u00e3o referentes a moradores de Juiz de Fora.<\/b><\/p>\n<p>O Boletim Epidemiol\u00f3gico tamb\u00e9m confirmou mais 136 pessoas infectadas, totalizando 1.244 confirmados. Com as atualiza\u00e7\u00f5es, 134 novas suspeitas foram registradas, contabilizando 6.434. Um \u00f3bito est\u00e1 sendo investigado.<\/p>\n<p><b>Boletim desta sexta, 19<\/b><\/p>\n<p>&#8211; 6.434 suspeitos<br \/>\n&#8211; 1.244 confirmados<br \/>\n&#8211; 46 \u00f3bitos confirmados<br \/>\n&#8211; 1 \u00f3bito em investiga\u00e7\u00e3o<\/p><\/div>\n<p><strong>Fonte:\u00a0<\/strong>Assessoria<\/p>\n<div id=\"box_compartilhar\" align=\"right\"><\/div>\n<div align=\"right\"><\/div>\n","protected":false},"excerpt":{"rendered":"<p>A Secretaria de Sa\u00fade (SS) da Prefeitura de Juiz de Fora (PJF) confirmou nesta sexta-feira, 19, o 46\u00ba \u00f3bito pelo novo coronav\u00edrus no munic\u00edpio. A v\u00edtima \u00e9 uma idosa de 84 anos. Ela tinha Diabetes Mellitus (DM) e Hipertens\u00e3o Arterial Sist\u00eamica (HAS), e morreu no dia 14 de junho.\u00a0Todos os dados s\u00e3o referentes a moradores [&hellip;]<\/p>\n","protected":false},"author":96,"featured_media":161920,"comment_status":"closed","ping_status":"closed","sticky":false,"template":"","format":"standard","meta":{"footnotes":""},"categories":[253,436,440,439],"tags":[],"class_list":["post-162690","post","type-post","status-publish","format-standard","has-post-thumbnail","hentry","category-cidade","category-destaque-da-semana","category-destaques-do-dia","category-ultima-hora"],"_links":{"self":[{"href":"https:\/\/diarioregionaldigital.com.br\/index.php?rest_route=\/wp\/v2\/posts\/162690","targetHints":{"allow":["GET"]}}],"collection":[{"href":"https:\/\/diarioregionaldigital.com.br\/index.php?rest_route=\/wp\/v2\/posts"}],"about":[{"href":"https:\/\/diarioregionaldigital.com.br\/index.php?rest_route=\/wp\/v2\/types\/post"}],"author":[{"embeddable":true,"href":"https:\/\/diarioregionaldigital.com.br\/index.php?rest_route=\/wp\/v2\/users\/96"}],"replies":[{"embeddable":true,"href":"https:\/\/diarioregionaldigital.com.br\/index.php?rest_route=%2Fwp%2Fv2%2Fcomments&post=162690"}],"version-history":[{"count":0,"href":"https:\/\/diarioregionaldigital.com.br\/index.php?rest_route=\/wp\/v2\/posts\/162690\/revisions"}],"wp:featuredmedia":[{"embeddable":true,"href":"https:\/\/diarioregionaldigital.com.br\/index.php?rest_route=\/wp\/v2\/media\/161920"}],"wp:attachment":[{"href":"https:\/\/diarioregionaldigital.com.br\/index.php?rest_route=%2Fwp%2Fv2%2Fmedia&parent=162690"}],"wp:term":[{"taxonomy":"category","embeddable":true,"href":"https:\/\/diarioregionaldigital.com.br\/index.php?rest_route=%2Fwp%2Fv2%2Fcategories&post=162690"},{"taxonomy":"post_tag","embeddable":true,"href":"https:\/\/diarioregionaldigital.com.br\/index.php?rest_route=%2Fwp%2Fv2%2Ftags&post=162690"}],"curies":[{"name":"wp","href":"https:\/\/api.w.org\/{rel}","templated":true}]}}