{"id":162681,"date":"2020-06-19T18:17:01","date_gmt":"2020-06-19T21:17:01","guid":{"rendered":"https:\/\/diarioregionaldigital.com.br\/?p=162681"},"modified":"2020-06-19T18:17:01","modified_gmt":"2020-06-19T21:17:01","slug":"guarda-municipal-realiza-descontaminacao-em-unidade-do-corpo-de-bombeiros","status":"publish","type":"post","link":"https:\/\/diarioregionaldigital.com.br\/?p=162681","title":{"rendered":"Guarda Municipal realiza descontamina\u00e7\u00e3o em unidade do Corpo de Bombeiros"},"content":{"rendered":"<p>A unidade do Corpo de Bombeiros sediada no campus da Universidade Federal de Juiz de Fora (UFJF) foi descontaminada por equipe treinada da Guarda Municipal (GM) na tarde de quinta-feira, 18. O procedimento atendeu pedido da corpora\u00e7\u00e3o estadual, depois que casos de covid-19 foram confirmados entre os militares. Todas as depend\u00eancias do posto e equipamentos de uso foram tratados com quatern\u00e1rio de am\u00f4nio, agente qu\u00edmico utilizado na \u00e1rea hospitalar, a fim de minimizar carga biol\u00f3gica sobre superf\u00edcies.<\/p>\n<p>A equipe da Guarda Municipal executou a descontamina\u00e7\u00e3o com aux\u00edlio de atomizador costal, para produ\u00e7\u00e3o de n\u00e9voa fina, que potencializa o poder de penetrabilidade e efici\u00eancia do material na higieniza\u00e7\u00e3o. P\u00e1tio, estacionamento, dormit\u00f3rios e salas dos servi\u00e7os administrativos passaram pela limpeza. Viaturas e pontos de contato, como portas, corrim\u00e3os e muretas tamb\u00e9m foram descontaminados.<\/p>\n<p>Em abril, a Guarda Municipal participou de capacita\u00e7\u00e3o oferecida pelo Ex\u00e9rcito, para atua\u00e7\u00e3o em a\u00e7\u00f5es de descontamina\u00e7\u00e3o contra o coronav\u00edrus. O curso foi conduzido pela Escola de Instru\u00e7\u00e3o Especializada (EsIE), organiza\u00e7\u00e3o militar especializada em ocorr\u00eancias que envolvam armas qu\u00edmicas, biol\u00f3gicas, radiol\u00f3gicas e nucleares e no controle de seus efeitos. Tamb\u00e9m passaram pelo treinamento os servidores do Departamento Municipal de Limpeza Urbana (Demlurb) e Defesa Civil.<\/p>\n<p><strong>Fonte:<\/strong> Assessoria<\/p>\n","protected":false},"excerpt":{"rendered":"<p>A unidade do Corpo de Bombeiros sediada no campus da Universidade Federal de Juiz de Fora (UFJF) foi descontaminada por equipe treinada da Guarda Municipal (GM) na tarde de quinta-feira, 18. O procedimento atendeu pedido da corpora\u00e7\u00e3o estadual, depois que casos de covid-19 foram confirmados entre os militares. Todas as depend\u00eancias do posto e equipamentos [&hellip;]<\/p>\n","protected":false},"author":96,"featured_media":162682,"comment_status":"closed","ping_status":"closed","sticky":false,"template":"","format":"standard","meta":{"footnotes":""},"categories":[253,436,439],"tags":[],"class_list":["post-162681","post","type-post","status-publish","format-standard","has-post-thumbnail","hentry","category-cidade","category-destaque-da-semana","category-ultima-hora"],"_links":{"self":[{"href":"https:\/\/diarioregionaldigital.com.br\/index.php?rest_route=\/wp\/v2\/posts\/162681","targetHints":{"allow":["GET"]}}],"collection":[{"href":"https:\/\/diarioregionaldigital.com.br\/index.php?rest_route=\/wp\/v2\/posts"}],"about":[{"href":"https:\/\/diarioregionaldigital.com.br\/index.php?rest_route=\/wp\/v2\/types\/post"}],"author":[{"embeddable":true,"href":"https:\/\/diarioregionaldigital.com.br\/index.php?rest_route=\/wp\/v2\/users\/96"}],"replies":[{"embeddable":true,"href":"https:\/\/diarioregionaldigital.com.br\/index.php?rest_route=%2Fwp%2Fv2%2Fcomments&post=162681"}],"version-history":[{"count":0,"href":"https:\/\/diarioregionaldigital.com.br\/index.php?rest_route=\/wp\/v2\/posts\/162681\/revisions"}],"wp:featuredmedia":[{"embeddable":true,"href":"https:\/\/diarioregionaldigital.com.br\/index.php?rest_route=\/wp\/v2\/media\/162682"}],"wp:attachment":[{"href":"https:\/\/diarioregionaldigital.com.br\/index.php?rest_route=%2Fwp%2Fv2%2Fmedia&parent=162681"}],"wp:term":[{"taxonomy":"category","embeddable":true,"href":"https:\/\/diarioregionaldigital.com.br\/index.php?rest_route=%2Fwp%2Fv2%2Fcategories&post=162681"},{"taxonomy":"post_tag","embeddable":true,"href":"https:\/\/diarioregionaldigital.com.br\/index.php?rest_route=%2Fwp%2Fv2%2Ftags&post=162681"}],"curies":[{"name":"wp","href":"https:\/\/api.w.org\/{rel}","templated":true}]}}