{"id":162678,"date":"2020-06-19T18:15:59","date_gmt":"2020-06-19T21:15:59","guid":{"rendered":"https:\/\/diarioregionaldigital.com.br\/?p=162678"},"modified":"2020-06-19T18:15:59","modified_gmt":"2020-06-19T21:15:59","slug":"pjf-intensifica-fiscalizacao-noturna-para-coibir-funcionamento-de-comercio-nao-essencial","status":"publish","type":"post","link":"https:\/\/diarioregionaldigital.com.br\/?p=162678","title":{"rendered":"PJF intensifica fiscaliza\u00e7\u00e3o noturna para coibir funcionamento de com\u00e9rcio n\u00e3o essencial"},"content":{"rendered":"<p>Mais de 30 estabelecimentos foram vistoriados pela Secretaria de Meio Ambiente e Ordenamento Urbano (Semaur) da Prefeitura de Juiz de Fora (PJF), com apoio da Guarda Municipal e da Secret\u00e1ria de Transportes e Tr\u00e2nsito (Settra), na noite da \u00faltima quinta-feira, 18. A regi\u00e3o oeste, que abrange os bairros S\u00e3o Pedro, Aeroporto e Borboleta, entre outros, foi a primeira a receber a opera\u00e7\u00e3o especial, que continuar\u00e1 a ser realizada durante todos os dias do final de semana, at\u00e9 domingo, 21, sempre a partir de 18 horas.<\/p>\n<p>O intuito da intensifica\u00e7\u00e3o da fiscaliza\u00e7\u00e3o no hor\u00e1rio noturno \u00e9 coibir o funcionamento de estabelecimentos que estejam eventualmente descumprindo o Decreto Municipal 13.975, publicado no \u00faltimo dia 12. \u201cO foco principal da a\u00e7\u00e3o s\u00e3o os bares, que insistem em funcionar, mesmo sem estar contemplados no decreto municipal. Tivemos resultado muito positivo no primeiro dia. Esperamos vistoriar mais 96 estabelecimentos durante o final de semana\u201d, afirmou a gerente do Departamento de Fiscaliza\u00e7\u00e3o da Semaur, Graciela Marques.<\/p>\n<p><strong>Fonte:\u00a0<\/strong>Assessoria<\/p>\n","protected":false},"excerpt":{"rendered":"<p>Mais de 30 estabelecimentos foram vistoriados pela Secretaria de Meio Ambiente e Ordenamento Urbano (Semaur) da Prefeitura de Juiz de Fora (PJF), com apoio da Guarda Municipal e da Secret\u00e1ria de Transportes e Tr\u00e2nsito (Settra), na noite da \u00faltima quinta-feira, 18. A regi\u00e3o oeste, que abrange os bairros S\u00e3o Pedro, Aeroporto e Borboleta, entre outros, [&hellip;]<\/p>\n","protected":false},"author":96,"featured_media":162679,"comment_status":"closed","ping_status":"closed","sticky":false,"template":"","format":"standard","meta":{"footnotes":""},"categories":[253,436,439],"tags":[],"class_list":["post-162678","post","type-post","status-publish","format-standard","has-post-thumbnail","hentry","category-cidade","category-destaque-da-semana","category-ultima-hora"],"_links":{"self":[{"href":"https:\/\/diarioregionaldigital.com.br\/index.php?rest_route=\/wp\/v2\/posts\/162678","targetHints":{"allow":["GET"]}}],"collection":[{"href":"https:\/\/diarioregionaldigital.com.br\/index.php?rest_route=\/wp\/v2\/posts"}],"about":[{"href":"https:\/\/diarioregionaldigital.com.br\/index.php?rest_route=\/wp\/v2\/types\/post"}],"author":[{"embeddable":true,"href":"https:\/\/diarioregionaldigital.com.br\/index.php?rest_route=\/wp\/v2\/users\/96"}],"replies":[{"embeddable":true,"href":"https:\/\/diarioregionaldigital.com.br\/index.php?rest_route=%2Fwp%2Fv2%2Fcomments&post=162678"}],"version-history":[{"count":0,"href":"https:\/\/diarioregionaldigital.com.br\/index.php?rest_route=\/wp\/v2\/posts\/162678\/revisions"}],"wp:featuredmedia":[{"embeddable":true,"href":"https:\/\/diarioregionaldigital.com.br\/index.php?rest_route=\/wp\/v2\/media\/162679"}],"wp:attachment":[{"href":"https:\/\/diarioregionaldigital.com.br\/index.php?rest_route=%2Fwp%2Fv2%2Fmedia&parent=162678"}],"wp:term":[{"taxonomy":"category","embeddable":true,"href":"https:\/\/diarioregionaldigital.com.br\/index.php?rest_route=%2Fwp%2Fv2%2Fcategories&post=162678"},{"taxonomy":"post_tag","embeddable":true,"href":"https:\/\/diarioregionaldigital.com.br\/index.php?rest_route=%2Fwp%2Fv2%2Ftags&post=162678"}],"curies":[{"name":"wp","href":"https:\/\/api.w.org\/{rel}","templated":true}]}}