{"id":162675,"date":"2020-06-19T18:02:38","date_gmt":"2020-06-19T21:02:38","guid":{"rendered":"https:\/\/diarioregionaldigital.com.br\/?p=162675"},"modified":"2020-06-19T18:02:38","modified_gmt":"2020-06-19T21:02:38","slug":"fiscalizacao-apreende-mercadoria-comercializada-irregularmente-no-centro","status":"publish","type":"post","link":"https:\/\/diarioregionaldigital.com.br\/?p=162675","title":{"rendered":"Fiscaliza\u00e7\u00e3o apreende mercadoria comercializada irregularmente no Centro"},"content":{"rendered":"<p>Durante a\u00e7\u00e3o conjunta dos fiscais de posturas da Secretaria de Meio Ambiente e Ordenamento Urbano (Semaur) e guardas municipais, na tarde desta sexta-feira, 19, foram apreendidos 800 cocos, comercializados irregularmente por vendedores ambulantes. A ocorr\u00eancia foi na Rua Halfeld, esquina com Avenida Francisco Bernardino, na calcada da travessia da linha f\u00e9rrea, prejudicando o fluxo de pedestres no local. A opera\u00e7\u00e3o contemplou toda a regi\u00e3o da Pra\u00e7a da Esta\u00e7\u00e3o. O produto foi doado a uma entidade assistencial.<\/p>\n<p>De acordo com a gerente do Departamento de Fiscaliza\u00e7\u00e3o da Semaur, Graciela Marques, a fiscaliza\u00e7\u00e3o vai continuar a monitorar a \u00e1rea, realizando opera\u00e7\u00f5es regulares no local.<\/p>\n<p><strong>Fonte:\u00a0<\/strong>Assessoria<\/p>\n","protected":false},"excerpt":{"rendered":"<p>Durante a\u00e7\u00e3o conjunta dos fiscais de posturas da Secretaria de Meio Ambiente e Ordenamento Urbano (Semaur) e guardas municipais, na tarde desta sexta-feira, 19, foram apreendidos 800 cocos, comercializados irregularmente por vendedores ambulantes. A ocorr\u00eancia foi na Rua Halfeld, esquina com Avenida Francisco Bernardino, na calcada da travessia da linha f\u00e9rrea, prejudicando o fluxo de [&hellip;]<\/p>\n","protected":false},"author":96,"featured_media":162676,"comment_status":"closed","ping_status":"closed","sticky":false,"template":"","format":"standard","meta":{"footnotes":""},"categories":[253,436,439],"tags":[],"class_list":["post-162675","post","type-post","status-publish","format-standard","has-post-thumbnail","hentry","category-cidade","category-destaque-da-semana","category-ultima-hora"],"_links":{"self":[{"href":"https:\/\/diarioregionaldigital.com.br\/index.php?rest_route=\/wp\/v2\/posts\/162675","targetHints":{"allow":["GET"]}}],"collection":[{"href":"https:\/\/diarioregionaldigital.com.br\/index.php?rest_route=\/wp\/v2\/posts"}],"about":[{"href":"https:\/\/diarioregionaldigital.com.br\/index.php?rest_route=\/wp\/v2\/types\/post"}],"author":[{"embeddable":true,"href":"https:\/\/diarioregionaldigital.com.br\/index.php?rest_route=\/wp\/v2\/users\/96"}],"replies":[{"embeddable":true,"href":"https:\/\/diarioregionaldigital.com.br\/index.php?rest_route=%2Fwp%2Fv2%2Fcomments&post=162675"}],"version-history":[{"count":0,"href":"https:\/\/diarioregionaldigital.com.br\/index.php?rest_route=\/wp\/v2\/posts\/162675\/revisions"}],"wp:featuredmedia":[{"embeddable":true,"href":"https:\/\/diarioregionaldigital.com.br\/index.php?rest_route=\/wp\/v2\/media\/162676"}],"wp:attachment":[{"href":"https:\/\/diarioregionaldigital.com.br\/index.php?rest_route=%2Fwp%2Fv2%2Fmedia&parent=162675"}],"wp:term":[{"taxonomy":"category","embeddable":true,"href":"https:\/\/diarioregionaldigital.com.br\/index.php?rest_route=%2Fwp%2Fv2%2Fcategories&post=162675"},{"taxonomy":"post_tag","embeddable":true,"href":"https:\/\/diarioregionaldigital.com.br\/index.php?rest_route=%2Fwp%2Fv2%2Ftags&post=162675"}],"curies":[{"name":"wp","href":"https:\/\/api.w.org\/{rel}","templated":true}]}}